{"id":191645,"date":"2023-12-27T09:10:53","date_gmt":"2023-12-27T06:10:53","guid":{"rendered":"https:\/\/wheretostayin.city\/best-places-to-stay-in-lake-garda"},"modified":"2024-05-04T13:27:20","modified_gmt":"2024-05-04T10:27:20","slug":"var-man-kan-bo-i-gardasjon","status":"publish","type":"post","link":"https:\/\/wheretostayin.city\/sv\/var-man-kan-bo-i-gardasjon","title":{"rendered":"Var man kan bo i Gardasj\u00f6n \ud83c\uddee\ud83c\uddf9: B\u00e4sta st\u00e4der och hotell att bo p\u00e5"},"content":{"rendered":"<p>Inb\u00e4ddad vid foten av de italienska alperna ligger den fantastiska Gardasj\u00f6n, Italiens st\u00f6rsta sj\u00f6. N\u00e4r du planerar din resa \u00e4r det viktigt att v\u00e4lja r\u00e4tt hemmabas.<\/p>\n<div class=\"niceseo_gallery_wrap\" data-niceseo-gallery-fancybox=\"1\"><div class=\"niceseo_gallery1\"><div  style=\"baackground-image:url(https:\/\/wheretostayin.city\/wp-content\/uploads\/2023\/12\/Lake_Garda-2.jpg)\"><a href=\"https:\/\/wheretostayin.city\/wp-content\/uploads\/2023\/12\/Lake_Garda-2.jpg\" data-fancybox=\"gallery[7446361]\" rel=\"lightbox[7446361]\" title=\"Lake Garda\" alt=\"Lake Garda\"><img decoding=\"async\" loading=\"lazy\" width=\"400px\" height=\"280px\" src=\"https:\/\/wheretostayin.city\/wp-content\/uploads\/2023\/12\/Lake_Garda-2.jpg\" title=\"Lake Garda\" alt=\"Lake Garda\"><\/a><\/div><div  style=\"baackground-image:url(https:\/\/wheretostayin.city\/wp-content\/uploads\/2023\/12\/Lake_Garda-8.jpg)\"><a href=\"https:\/\/wheretostayin.city\/wp-content\/uploads\/2023\/12\/Lake_Garda-8.jpg\" data-fancybox=\"gallery[7446361]\" rel=\"lightbox[7446361]\" title=\"Lake Garda\" alt=\"Lake Garda\"><img decoding=\"async\" loading=\"lazy\" width=\"400px\" height=\"280px\" src=\"https:\/\/wheretostayin.city\/wp-content\/uploads\/2023\/12\/Lake_Garda-8.jpg\" title=\"Lake Garda\" alt=\"Lake Garda\"><\/a><\/div><div  style=\"baackground-image:url(https:\/\/wheretostayin.city\/wp-content\/uploads\/2023\/12\/Lake_Garda-5.jpg)\"><a href=\"https:\/\/wheretostayin.city\/wp-content\/uploads\/2023\/12\/Lake_Garda-5.jpg\" data-fancybox=\"gallery[7446361]\" rel=\"lightbox[7446361]\" title=\"Lake Garda\" alt=\"Lake Garda\"><img decoding=\"async\" loading=\"lazy\" width=\"400px\" height=\"280px\" src=\"https:\/\/wheretostayin.city\/wp-content\/uploads\/2023\/12\/Lake_Garda-5.jpg\" title=\"Lake Garda\" alt=\"Lake Garda\"><\/a><\/div><div  style=\"baackground-image:url(https:\/\/wheretostayin.city\/wp-content\/uploads\/2023\/12\/Lake_Garda-3.jpg)\"><a href=\"https:\/\/wheretostayin.city\/wp-content\/uploads\/2023\/12\/Lake_Garda-3.jpg\" data-fancybox=\"gallery[7446361]\" rel=\"lightbox[7446361]\" title=\"Lake Garda\" alt=\"Lake Garda\"><img decoding=\"async\" loading=\"lazy\" width=\"400px\" height=\"280px\" src=\"https:\/\/wheretostayin.city\/wp-content\/uploads\/2023\/12\/Lake_Garda-3.jpg\" title=\"Lake Garda\" alt=\"Lake Garda\"><\/a><\/div><div  style=\"baackground-image:url(https:\/\/wheretostayin.city\/wp-content\/uploads\/2023\/12\/Lake_Garda-4.jpg)\"><a href=\"https:\/\/wheretostayin.city\/wp-content\/uploads\/2023\/12\/Lake_Garda-4.jpg\" data-fancybox=\"gallery[7446361]\" rel=\"lightbox[7446361]\" title=\"Lake Garda\" alt=\"Lake Garda\"><img decoding=\"async\" loading=\"lazy\" width=\"400px\" height=\"280px\" src=\"https:\/\/wheretostayin.city\/wp-content\/uploads\/2023\/12\/Lake_Garda-4.jpg\" title=\"Lake Garda\" alt=\"Lake Garda\"><\/a><\/div><\/div><\/div>\n<p>I den h\u00e4r artikeln visar jag de b\u00e4sta platserna f\u00f6r boende runt Gardasj\u00f6n baserat p\u00e5 dina intressen och budget. Vi kommer att utforska popul\u00e4ra semesterorter som Limone sul Garda och Malcesine samt den kosmopolitiska staden Sirmione.<\/p>\n<p><strong>V\u00e5rt urval av de b\u00e4sta hotellen vid Gardasj\u00f6n<\/strong> \ud83d\udd25<\/p>\n<ul>\n<li>\ud83d\udc8e Lyxhotell: <strong><a class=\"pin_btn\" href=\"https:\/\/www.booking.com\/hotel\/it\/grand-terme-sirmione.en-gb.html?label=sv_garda_stay\" target=\"_blank\" rel=\"noopener nofollow\" onClick=\"gtag(&#039;event&#039;, &#039;btn_booking&#039;); ym(95530874,&#039;reachGoal&#039;,&#039;btn_booking&#039;); return true;\">Grand Hotel Terme<\/a><\/strong><\/li>\n<li>\ud83d\udd2e Boutiquehotell: <strong><a class=\"pin_btn\" href=\"https:\/\/www.booking.com\/hotel\/it\/lido-palace.en-gb.html?label=sv_garda_stay\" target=\"_blank\" rel=\"noopener nofollow\" onClick=\"gtag(&#039;event&#039;, &#039;btn_booking&#039;); ym(95530874,&#039;reachGoal&#039;,&#039;btn_booking&#039;); return true;\">Lido Palace<\/a><\/strong><\/li>\n<li>\ud83c\udfc4\ud83c\udffb\u200d\u2640\ufe0f Beach Hotel: <strong><a class=\"pin_btn\" href=\"https:\/\/www.booking.com\/hotel\/it\/gran-gardone.en-gb.html?label=sv_garda_stay\" target=\"_blank\" rel=\"noopener nofollow\" onClick=\"gtag(&#039;event&#039;, &#039;btn_booking&#039;); ym(95530874,&#039;reachGoal&#039;,&#039;btn_booking&#039;); return true;\">Grand Hotel Gardone<\/a><\/strong><\/li>\n<li>\u2728 5-stj\u00e4rnigt: <strong><a class=\"pin_btn\" href=\"https:\/\/www.booking.com\/hotel\/it\/bella-riva.en-gb.html?label=sv_garda_stay\" target=\"_blank\" rel=\"noopener nofollow\" onClick=\"gtag(&#039;event&#039;, &#039;btn_booking&#039;); ym(95530874,&#039;reachGoal&#039;,&#039;btn_booking&#039;); return true;\">Hotel Bella Riva<\/a><\/strong><\/li>\n<li>\ud83c\udfe8 4-stj\u00e4rnigt: <strong><a class=\"pin_btn\" href=\"https:\/\/www.booking.com\/hotel\/it\/savoy-palace.en-gb.html?label=sv_garda_stay\" target=\"_blank\" rel=\"noopener nofollow\" onClick=\"gtag(&#039;event&#039;, &#039;btn_booking&#039;); ym(95530874,&#039;reachGoal&#039;,&#039;btn_booking&#039;); return true;\">Hotel Savoy Palace<\/a><\/strong><\/li>\n<li>\ud83d\udcb8 Budgetv\u00e4nligt: <strong><a class=\"pin_btn\" href=\"https:\/\/www.booking.com\/hotel\/it\/appartamenti-del-corso-306.sv-gb.html?label=sv_garda_stay\" target=\"_blank\" rel=\"noopener nofollow\" onClick=\"gtag(&#039;event&#039;, &#039;btn_booking&#039;); ym(95530874,&#039;reachGoal&#039;,&#039;btn_booking&#039;); return true;\">Appartamenti del Corso<\/a><\/strong><\/li>\n<li>\ud83c\udf07 B\u00e4sta utsikten \u00f6ver sj\u00f6n: <strong><a class=\"pin_btn\" href=\"https:\/\/www.booking.com\/hotel\/it\/colorhotel.en-gb.html?label=en_garda_stay\" target=\"_blank\" rel=\"noopener nofollow\" onClick=\"gtag(&#039;event&#039;, &#039;btn_booking&#039;); ym(95530874,&#039;reachGoal&#039;,&#039;btn_booking&#039;); return true;\">Color Hotel Style, Design &amp; Gourmet<\/a><\/strong><\/li>\n<li>\ud83d\udc68\u200d\ud83d\udc69\u200d\ud83d\udc67\u200d\ud83d\udc66 F\u00f6r familjer: <strong><a class=\"pin_btn\" href=\"https:\/\/www.booking.com\/hotel\/it\/golf-paradiso.en-gb.html?label=sv_garda_stay\" target=\"_blank\" rel=\"noopener nofollow\" onClick=\"gtag(&#039;event&#039;, &#039;btn_booking&#039;); ym(95530874,&#039;reachGoal&#039;,&#039;btn_booking&#039;); return true;\">Active Hotel Paradiso &amp; Golf<\/a><\/strong><\/li>\n<\/ul>\n<p>Jag rekommenderar hotell, B&amp;B, l\u00e4genheter och campingplatser p\u00e5 de mest fantastiska platserna. Du kommer att uppt\u00e4cka platser som \u00e4r perfekta f\u00f6r familjer, par, ensamresen\u00e4rer eller de som s\u00f6ker lyx.<\/p>\n<p>S\u00e5 l\u00e4s vidare f\u00f6r att ta reda p\u00e5 var din bit av La Dolce Vita v\u00e4ntar vid den vackra Gardasj\u00f6n!<\/p>\n<div id=\"ez-toc-container\" class=\"ez-toc-v2_0_62 counter-hierarchy ez-toc-counter ez-toc-grey ez-toc-container-direction\">\n<div class=\"ez-toc-title-container\">\n<p class=\"ez-toc-title \" >Table of Contents<\/p>\n<span class=\"ez-toc-title-toggle\"><a href=\"#\" class=\"ez-toc-pull-right ez-toc-btn ez-toc-btn-xs ez-toc-btn-default ez-toc-toggle\" aria-label=\"Toggle Table of Content\"><span class=\"ez-toc-js-icon-con\"><span class=\"\"><span class=\"eztoc-hide\" style=\"display:none;\">Toggle<\/span><span class=\"ez-toc-icon-toggle-span\"><svg style=\"fill: #999;color:#999\" xmlns=\"http:\/\/www.w3.org\/2000\/svg\" class=\"list-377408\" width=\"20px\" height=\"20px\" viewBox=\"0 0 24 24\" fill=\"none\"><path d=\"M6 6H4v2h2V6zm14 0H8v2h12V6zM4 11h2v2H4v-2zm16 0H8v2h12v-2zM4 16h2v2H4v-2zm16 0H8v2h12v-2z\" fill=\"currentColor\"><\/path><\/svg><svg style=\"fill: #999;color:#999\" class=\"arrow-unsorted-368013\" xmlns=\"http:\/\/www.w3.org\/2000\/svg\" width=\"10px\" height=\"10px\" viewBox=\"0 0 24 24\" version=\"1.2\" baseProfile=\"tiny\"><path d=\"M18.2 9.3l-6.2-6.3-6.2 6.3c-.2.2-.3.4-.3.7s.1.5.3.7c.2.2.4.3.7.3h11c.3 0 .5-.1.7-.3.2-.2.3-.5.3-.7s-.1-.5-.3-.7zM5.8 14.7l6.2 6.3 6.2-6.3c.2-.2.3-.5.3-.7s-.1-.5-.3-.7c-.2-.2-.4-.3-.7-.3h-11c-.3 0-.5.1-.7.3-.2.2-.3.5-.3.7s.1.5.3.7z\"\/><\/svg><\/span><\/span><\/span><\/a><\/span><\/div>\n<nav><ul class='ez-toc-list ez-toc-list-level-1 eztoc-toggle-hide-by-default' ><li class='ez-toc-page-1 ez-toc-heading-level-2'><a class=\"ez-toc-link ez-toc-heading-1\" href=\"https:\/\/wheretostayin.city\/sv\/var-man-kan-bo-i-gardasjon\/#Snabbguide_till_de_basta_staderna_vid_Gardasjon_%F0%9F%93%8B\" title=\"Snabbguide till de b\u00e4sta st\u00e4derna vid Gardasj\u00f6n \ud83d\udccb\">Snabbguide till de b\u00e4sta st\u00e4derna vid Gardasj\u00f6n \ud83d\udccb<\/a><\/li><li class='ez-toc-page-1 ez-toc-heading-level-2'><a class=\"ez-toc-link ez-toc-heading-2\" href=\"https:\/\/wheretostayin.city\/sv\/var-man-kan-bo-i-gardasjon\/#1_Sirmione_%E2%80%93_Var_man_kan_bo_for_forsta_gangen_%F0%9F%91%80\" title=\"1. Sirmione &#8211; Var man kan bo f\u00f6r f\u00f6rsta g\u00e5ngen \ud83d\udc40\">1. Sirmione &#8211; Var man kan bo f\u00f6r f\u00f6rsta g\u00e5ngen \ud83d\udc40<\/a><\/li><li class='ez-toc-page-1 ez-toc-heading-level-2'><a class=\"ez-toc-link ez-toc-heading-3\" href=\"https:\/\/wheretostayin.city\/sv\/var-man-kan-bo-i-gardasjon\/#2_Peschiera_del_Garda_%E2%80%93_Var_man_kan_bo_med_familjen_%F0%9F%91%AA\" title=\"2. Peschiera del Garda &#8211; Var man kan bo med familjen \ud83d\udc6a\">2. Peschiera del Garda &#8211; Var man kan bo med familjen \ud83d\udc6a<\/a><\/li><li class='ez-toc-page-1 ez-toc-heading-level-2'><a class=\"ez-toc-link ez-toc-heading-4\" href=\"https:\/\/wheretostayin.city\/sv\/var-man-kan-bo-i-gardasjon\/#3_Riva_del_Garda_%E2%80%93_Basta_bergslandskapet_vid_sjon_%F0%9F%8F%94\" title=\"3. Riva del Garda &#8211; B\u00e4sta bergslandskapet vid sj\u00f6n \ud83c\udfd4\">3. Riva del Garda &#8211; B\u00e4sta bergslandskapet vid sj\u00f6n \ud83c\udfd4<\/a><\/li><li class='ez-toc-page-1 ez-toc-heading-level-2'><a class=\"ez-toc-link ez-toc-heading-5\" href=\"https:\/\/wheretostayin.city\/sv\/var-man-kan-bo-i-gardasjon\/#4_Desenzano_del_Garda_%E2%80%93_Basta_stallet_for_strandsemester_%F0%9F%8F%8A%F0%9F%8F%BB%E2%80%8D%E2%99%80%EF%B8%8F\" title=\"4. Desenzano del Garda &#8211; B\u00e4sta st\u00e4llet f\u00f6r strandsemester \ud83c\udfca\ud83c\udffb\u200d\u2640\ufe0f\">4. Desenzano del Garda &#8211; B\u00e4sta st\u00e4llet f\u00f6r strandsemester \ud83c\udfca\ud83c\udffb\u200d\u2640\ufe0f<\/a><\/li><li class='ez-toc-page-1 ez-toc-heading-level-2'><a class=\"ez-toc-link ez-toc-heading-6\" href=\"https:\/\/wheretostayin.city\/sv\/var-man-kan-bo-i-gardasjon\/#5_Limone_sul_Garda_%E2%80%93_Beromda_citronlundar_%F0%9F%8D%8B\" title=\"5. Limone sul Garda &#8211; Ber\u00f6mda citronlundar \ud83c\udf4b\">5. Limone sul Garda &#8211; Ber\u00f6mda citronlundar \ud83c\udf4b<\/a><\/li><li class='ez-toc-page-1 ez-toc-heading-level-2'><a class=\"ez-toc-link ez-toc-heading-7\" href=\"https:\/\/wheretostayin.city\/sv\/var-man-kan-bo-i-gardasjon\/#6_Malcesine_%E2%80%93_basta_staden_vid_Gardasjon_for_foodies_%F0%9F%8D%95\" title=\"6. Malcesine &#8211; b\u00e4sta staden vid Gardasj\u00f6n f\u00f6r foodies \ud83c\udf55\">6. Malcesine &#8211; b\u00e4sta staden vid Gardasj\u00f6n f\u00f6r foodies \ud83c\udf55<\/a><\/li><li class='ez-toc-page-1 ez-toc-heading-level-2'><a class=\"ez-toc-link ez-toc-heading-8\" href=\"https:\/\/wheretostayin.city\/sv\/var-man-kan-bo-i-gardasjon\/#7_Gardone_Riviera_%E2%80%93_Var_man_kan_bo_pa_en_budget_%F0%9F%92%B8\" title=\"7. Gardone Riviera &#8211; Var man kan bo p\u00e5 en budget \ud83d\udcb8\">7. Gardone Riviera &#8211; Var man kan bo p\u00e5 en budget \ud83d\udcb8<\/a><\/li><li class='ez-toc-page-1 ez-toc-heading-level-2'><a class=\"ez-toc-link ez-toc-heading-9\" href=\"https:\/\/wheretostayin.city\/sv\/var-man-kan-bo-i-gardasjon\/#8_Salo_%E2%80%93_Borta_fran_jakt_och_stress_%F0%9F%95%8A\" title=\"8. Salo &#8211; Borta fr\u00e5n j\u00e4kt och stress \ud83d\udd4a\">8. Salo &#8211; Borta fr\u00e5n j\u00e4kt och stress \ud83d\udd4a<\/a><\/li><li class='ez-toc-page-1 ez-toc-heading-level-2'><a class=\"ez-toc-link ez-toc-heading-10\" href=\"https:\/\/wheretostayin.city\/sv\/var-man-kan-bo-i-gardasjon\/#9_Bardolino_%E2%80%93_nagra_av_de_basta_vyerna_over_Gardasjon_%F0%9F%8C%85\" title=\"9. Bardolino &#8211; n\u00e5gra av de b\u00e4sta vyerna \u00f6ver Gardasj\u00f6n \ud83c\udf05\">9. Bardolino &#8211; n\u00e5gra av de b\u00e4sta vyerna \u00f6ver Gardasj\u00f6n \ud83c\udf05<\/a><\/li><li class='ez-toc-page-1 ez-toc-heading-level-2'><a class=\"ez-toc-link ez-toc-heading-11\" href=\"https:\/\/wheretostayin.city\/sv\/var-man-kan-bo-i-gardasjon\/#Basta_hotellen_i_Gardasjon_for_familjer_%F0%9F%91%A6%F0%9F%8F%BB\" title=\"B\u00e4sta hotellen i Gardasj\u00f6n f\u00f6r familjer \ud83d\udc66\ud83c\udffb\">B\u00e4sta hotellen i Gardasj\u00f6n f\u00f6r familjer \ud83d\udc66\ud83c\udffb<\/a><\/li><li class='ez-toc-page-1 ez-toc-heading-level-2'><a class=\"ez-toc-link ez-toc-heading-12\" href=\"https:\/\/wheretostayin.city\/sv\/var-man-kan-bo-i-gardasjon\/#Vanliga_fragor_om_att_bo_vid_Gardasjon_%E2%9D%94\" title=\"Vanliga fr\u00e5gor om att bo vid Gardasj\u00f6n \u2754\">Vanliga fr\u00e5gor om att bo vid Gardasj\u00f6n \u2754<\/a><\/li><\/ul><\/nav><\/div>\n<h2><span class=\"ez-toc-section\" id=\"Snabbguide_till_de_basta_staderna_vid_Gardasjon_%F0%9F%93%8B\"><\/span>Snabbguide till de b\u00e4sta st\u00e4derna vid Gardasj\u00f6n \ud83d\udccb<span class=\"ez-toc-section-end\"><\/span><\/h2>\n<ul>\n<li>\ud83d\udc40 F\u00f6r f\u00f6rsta g\u00e5ngen: <strong><a class=\"pin_btn\" href=\"https:\/\/www.booking.com\/city\/it\/sirmione.en-gb.html?label=sv_garda_stay\" target=\"_blank\" rel=\"noopener nofollow\" onClick=\"gtag(&#039;event&#039;, &#039;btn_booking&#039;); ym(95530874,&#039;reachGoal&#039;,&#039;btn_booking&#039;); return true;\">Sirmione<\/a><\/strong><\/li>\n<li>\ud83d\udc6a F\u00f6r familjer:<strong> <a class=\"pin_btn\" href=\"https:\/\/www.booking.com\/city\/it\/peschiera-del-garda.en-gb.html?label=sv_garda_stay\" target=\"_blank\" rel=\"noopener nofollow\" onClick=\"gtag(&#039;event&#039;, &#039;btn_booking&#039;); ym(95530874,&#039;reachGoal&#039;,&#039;btn_booking&#039;); return true;\">Peschiera del Garda<\/a><\/strong><\/li>\n<li>\ud83c\udfd6 F\u00f6r str\u00e4nder: <strong><a class=\"pin_btn\" href=\"https:\/\/www.booking.com\/city\/it\/desenzano-del-garda.en-gb.html?label=sv_garda_stay\" target=\"_blank\" rel=\"noopener nofollow\" onClick=\"gtag(&#039;event&#039;, &#039;btn_booking&#039;); ym(95530874,&#039;reachGoal&#039;,&#039;btn_booking&#039;); return true;\">Desenzano del Garda<\/a><\/strong><\/li>\n<li>\ud83c\udf55 F\u00f6r mat\u00e4lskare:<strong> <a class=\"pin_btn\" href=\"https:\/\/www.booking.com\/city\/it\/malcesine.en-gb.html?label=sv_garda_stay\" target=\"_blank\" rel=\"noopener nofollow\" onClick=\"gtag(&#039;event&#039;, &#039;btn_booking&#039;); ym(95530874,&#039;reachGoal&#039;,&#039;btn_booking&#039;); return true;\">Malcesine<\/a><\/strong><\/li>\n<li>\ud83d\udcb8 Budgetv\u00e4nligt: <strong><a class=\"pin_btn\" href=\"https:\/\/www.booking.com\/city\/it\/gardone-riviera.en-gb.html?label=sv_garda_stay\" target=\"_blank\" rel=\"noopener nofollow\" onClick=\"gtag(&#039;event&#039;, &#039;btn_booking&#039;); ym(95530874,&#039;reachGoal&#039;,&#039;btn_booking&#039;); return true;\">Gardone Riviera<\/a><\/strong><\/li>\n<li>\ud83d\udd4a F\u00f6r en lugn vistelse:<strong> <a class=\"pin_btn\" href=\"https:\/\/www.booking.com\/city\/it\/salo.en-gb.html?label=sv_garda_stay\" target=\"_blank\" rel=\"noopener nofollow\" onClick=\"gtag(&#039;event&#039;, &#039;btn_booking&#039;); ym(95530874,&#039;reachGoal&#039;,&#039;btn_booking&#039;); return true;\">Salo<\/a><\/strong><\/li>\n<li>\ud83c\udfd4 B\u00e4sta bergsutsikten: <strong><a class=\"pin_btn\" href=\"https:\/\/www.booking.com\/city\/it\/riva-del-garda.sv-gb.html?label=sv_garda_stay\" target=\"_blank\" rel=\"noopener nofollow\" onClick=\"gtag(&#039;event&#039;, &#039;btn_booking&#039;); ym(95530874,&#039;reachGoal&#039;,&#039;btn_booking&#039;); return true;\">Riva del Garda<\/a><\/strong><\/li>\n<li>\ud83c\udf05 B\u00e4sta sj\u00f6utsikten:<strong> <a class=\"pin_btn\" href=\"https:\/\/www.booking.com\/city\/it\/bardolino.en-gb.html?label=sv_garda_stay\" target=\"_blank\" rel=\"noopener nofollow\" onClick=\"gtag(&#039;event&#039;, &#039;btn_booking&#039;); ym(95530874,&#039;reachGoal&#039;,&#039;btn_booking&#039;); return true;\">Bardolino<\/a><\/strong><\/li>\n<\/ul>\n<h2><span class=\"ez-toc-section\" id=\"1_Sirmione_%E2%80%93_Var_man_kan_bo_for_forsta_gangen_%F0%9F%91%80\"><\/span>1. Sirmione &#8211; Var man kan bo f\u00f6r f\u00f6rsta g\u00e5ngen \ud83d\udc40<span class=\"ez-toc-section-end\"><\/span><\/h2>\n<p>\ud83c\udf04 <strong>Natursk\u00f6n p\u00e4rla:<\/strong> Den natursk\u00f6na staden Sirmione ligger vid Gardasj\u00f6ns sydligaste spets och \u00e4r ett m\u00e5ste f\u00f6r alla som reser till denna del av Italien. Det medeltida slottet, de termiska k\u00e4llorna och den livliga hamnen lockar bes\u00f6kare.<\/p>\n<div class=\"niceseo_gallery_wrap\" data-niceseo-gallery-fancybox=\"1\"><div class=\"niceseo_gallery2\"><div  style=\"baackground-image:url(https:\/\/wheretostayin.city\/wp-content\/uploads\/2023\/12\/Sirmione_Lake_Garda-8.jpg)\"><a href=\"https:\/\/wheretostayin.city\/wp-content\/uploads\/2023\/12\/Sirmione_Lake_Garda-8.jpg\" data-fancybox=\"gallery[4083499]\" rel=\"lightbox[4083499]\" title=\"Sirmione\" alt=\"Sirmione\"><img decoding=\"async\" loading=\"lazy\" width=\"570px\" height=\"435px\" src=\"https:\/\/wheretostayin.city\/wp-content\/uploads\/2023\/12\/Sirmione_Lake_Garda-8.jpg\" title=\"Sirmione\" alt=\"Sirmione\"><\/a><\/div><div  style=\"baackground-image:url(https:\/\/wheretostayin.city\/wp-content\/uploads\/2023\/12\/Sirmione_Lake_Garda-3-1.jpg)\"><a href=\"https:\/\/wheretostayin.city\/wp-content\/uploads\/2023\/12\/Sirmione_Lake_Garda-3-1.jpg\" data-fancybox=\"gallery[4083499]\" rel=\"lightbox[4083499]\" title=\"Sirmione\" alt=\"Sirmione\"><img decoding=\"async\" loading=\"lazy\" width=\"570px\" height=\"435px\" src=\"https:\/\/wheretostayin.city\/wp-content\/uploads\/2023\/12\/Sirmione_Lake_Garda-3-1.jpg\" title=\"Sirmione\" alt=\"Sirmione\"><\/a><\/div><div  style=\"baackground-image:url(https:\/\/wheretostayin.city\/wp-content\/uploads\/2023\/12\/Sirmione_Lake_Garda-4-1.jpg)\"><a href=\"https:\/\/wheretostayin.city\/wp-content\/uploads\/2023\/12\/Sirmione_Lake_Garda-4-1.jpg\" data-fancybox=\"gallery[4083499]\" rel=\"lightbox[4083499]\" title=\"Sirmione\" alt=\"Sirmione\"><img decoding=\"async\" loading=\"lazy\" width=\"570px\" height=\"435px\" src=\"https:\/\/wheretostayin.city\/wp-content\/uploads\/2023\/12\/Sirmione_Lake_Garda-4-1.jpg\" title=\"Sirmione\" alt=\"Sirmione\"><\/a><\/div><div  style=\"baackground-image:url(https:\/\/wheretostayin.city\/wp-content\/uploads\/2023\/12\/Sirmione_lake_Garda-3.jpg)\"><a href=\"https:\/\/wheretostayin.city\/wp-content\/uploads\/2023\/12\/Sirmione_lake_Garda-3.jpg\" data-fancybox=\"gallery[4083499]\" rel=\"lightbox[4083499]\" title=\"Sirmione\" alt=\"Sirmione\"><img decoding=\"async\" loading=\"lazy\" width=\"570px\" height=\"435px\" src=\"https:\/\/wheretostayin.city\/wp-content\/uploads\/2023\/12\/Sirmione_lake_Garda-3.jpg\" title=\"Sirmione\" alt=\"Sirmione\"><\/a><\/div><\/div><div class=\"niceseo_gallery_caption\">Sirmione<\/div><\/div>\n<p>\ud83d\udee3\ufe0f <strong>L\u00e4tt att ta sig hit<\/strong>: Det \u00e4r l\u00e4tt att ta sig till Sirmione, som ligger bara 45 minuter v\u00e4ster om Verona med bil. Sj\u00e4lva staden \u00e4r ganska liten och promenadv\u00e4nlig, vilket g\u00f6r det bekv\u00e4mt f\u00f6r turister att ta sig runt till fots n\u00e4r de anl\u00e4nder. N\u00e4stan alla Sirmiones huvudattraktioner ligger i det historiska centrumet, runt Castello Scaligero fr\u00e5n 1200-talet, ett ikoniskt landm\u00e4rke.<\/p>\n<p>\ud83d\udeb6\u200d\u2642\ufe0f <strong>Vandrande gator<\/strong>: N\u00e4r du utforskar Sirmione kan du b\u00f6rja med att promenera p\u00e5 kullerstensgatorna som slingrar sig genom den bef\u00e4sta gamla stadsdelen. H\u00e4r hittar du butiker, kaf\u00e9er, gelaterior och restauranger. Ta dig till slottets vindbrygga och kl\u00e4ttra upp till toppen f\u00f6r panoramautsikt.<\/p>\n<p>\ud83c\udfdb\ufe0f <strong>Romerska ruiner<\/strong>: D\u00e4refter beger vi oss till Grotte di Catullo, de imponerande 2 000 \u00e5r gamla romerska ruinerna som ligger p\u00e5 den nordligaste spetsen av Sirmiones halv\u00f6. Vandra runt i det arkeologiska omr\u00e5det och beundra de v\u00e4lbevarade mosaikerna, pelarna och villafundamenten.<\/p>\n<p>\ud83d\udc86\u200d\u2642\ufe0f <strong>L\u00e4kande vatten<\/strong>: Efter\u00e5t kan du koppla av med n\u00e5gra timmar i Virgilios termalbad. Det helande mineralrika vattnet har lockat bes\u00f6kare \u00e4nda sedan romartiden.<\/p>\n<div class=\"niceseo_gallery_wrap\" data-niceseo-gallery-fancybox=\"1\"><div class=\"niceseo_gallery1\"><div  style=\"baackground-image:url(https:\/\/wheretostayin.city\/wp-content\/uploads\/2023\/12\/Castello_Scaligero_3.jpg)\"><a href=\"https:\/\/wheretostayin.city\/wp-content\/uploads\/2023\/12\/Castello_Scaligero_3.jpg\" data-fancybox=\"gallery[4107748]\" rel=\"lightbox[4107748]\" title=\"Castello Scaligero\" alt=\"Castello Scaligero\"><img decoding=\"async\" loading=\"lazy\" width=\"400px\" height=\"280px\" src=\"https:\/\/wheretostayin.city\/wp-content\/uploads\/2023\/12\/Castello_Scaligero_3.jpg\" title=\"Castello Scaligero\" alt=\"Castello Scaligero\"><\/a><\/div><div  style=\"baackground-image:url(https:\/\/wheretostayin.city\/wp-content\/uploads\/2023\/12\/Castello_Scaligero.jpg)\"><a href=\"https:\/\/wheretostayin.city\/wp-content\/uploads\/2023\/12\/Castello_Scaligero.jpg\" data-fancybox=\"gallery[4107748]\" rel=\"lightbox[4107748]\" title=\"Castello_Scaligero\" alt=\"\"><img decoding=\"async\" loading=\"lazy\" width=\"400px\" height=\"280px\" src=\"https:\/\/wheretostayin.city\/wp-content\/uploads\/2023\/12\/Castello_Scaligero.jpg\" title=\"Castello_Scaligero\" alt=\"\"><\/a><\/div><div  style=\"baackground-image:url(https:\/\/wheretostayin.city\/wp-content\/uploads\/2023\/12\/sirmione_grotte_di_catullo-3.jpg)\"><a href=\"https:\/\/wheretostayin.city\/wp-content\/uploads\/2023\/12\/sirmione_grotte_di_catullo-3.jpg\" data-fancybox=\"gallery[4107748]\" rel=\"lightbox[4107748]\" title=\"grotte di catullo\" alt=\"grotte di catullo\"><img decoding=\"async\" loading=\"lazy\" width=\"400px\" height=\"280px\" src=\"https:\/\/wheretostayin.city\/wp-content\/uploads\/2023\/12\/sirmione_grotte_di_catullo-3.jpg\" title=\"grotte di catullo\" alt=\"grotte di catullo\"><\/a><\/div><div  style=\"baackground-image:url(https:\/\/wheretostayin.city\/wp-content\/uploads\/2023\/12\/sirmione_grotte_di_catullo-1.jpg)\"><a href=\"https:\/\/wheretostayin.city\/wp-content\/uploads\/2023\/12\/sirmione_grotte_di_catullo-1.jpg\" data-fancybox=\"gallery[4107748]\" rel=\"lightbox[4107748]\" title=\"grotte di catullo\" alt=\"grotte di catullo\"><img decoding=\"async\" loading=\"lazy\" width=\"400px\" height=\"280px\" src=\"https:\/\/wheretostayin.city\/wp-content\/uploads\/2023\/12\/sirmione_grotte_di_catullo-1.jpg\" title=\"grotte di catullo\" alt=\"grotte di catullo\"><\/a><\/div><div  style=\"baackground-image:url(https:\/\/wheretostayin.city\/wp-content\/uploads\/2023\/12\/Grotte-di-Catullo_4.jpg)\"><a href=\"https:\/\/wheretostayin.city\/wp-content\/uploads\/2023\/12\/Grotte-di-Catullo_4.jpg\" data-fancybox=\"gallery[4107748]\" rel=\"lightbox[4107748]\" title=\"Grotte di Catullo\" alt=\"\"><img decoding=\"async\" loading=\"lazy\" width=\"400px\" height=\"280px\" src=\"https:\/\/wheretostayin.city\/wp-content\/uploads\/2023\/12\/Grotte-di-Catullo_4.jpg\" title=\"Grotte di Catullo\" alt=\"\"><\/a><\/div><\/div><div class=\"niceseo_gallery_caption\">Castello Scaligero och Grotte di Catullo<\/div><\/div>\n<p>\ud83c\udf7d <strong>N\u00e4r hungern sl\u00e5r till kan du <\/strong>ta en bit mat p\u00e5 n\u00e5gon av Sirmiones restauranger vid sj\u00f6n. Prova den lokala fisken, risotto, pasta och naturligtvis italienskt vin. N\u00e4r kv\u00e4llen n\u00e4rmar sig kan du bege dig till det livliga Piazza Castello n\u00e4ra slottet. Barer och restauranger omger denna livliga hamn. Det \u00e4r den perfekta platsen att avsluta en hektisk dag.<\/p>\n<p style=\"text-align: center;\"><a class=\"btn pin_btn\" href=\"https:\/\/www.booking.com\/city\/it\/sirmione.en-gb.html?label=sv_garda_stay\" target=\"_blank\" rel=\"noopener nofollow\" onClick=\"gtag(&#039;event, &#039;btn_booking&#039;); ym(95530874,&#039;reachGoal&#039;,&#039;btn_booking&#039;); return true;\">Alla hotell i Sirmione \u2192<\/a><\/p>\n<h3>Var kan man bo i Sirmione? \ud83c\udfe8<\/h3>\n<p><strong>Dyra hotell:<\/strong><\/p>\n<ul>\n<li><strong><a class=\"pin_btn\" href=\"https:\/\/www.booking.com\/hotel\/it\/villa-cortine-palace.en-gb.html?label=sv_garda_stay\" target=\"_blank\" rel=\"noopener nofollow\" onClick=\"gtag(&#039;event&#039;, &#039;btn_booking&#039;); ym(95530874,&#039;reachGoal&#039;,&#039;btn_booking&#039;); return true;\">Villa Cortine Palace Hotel<\/a> <\/strong>&#8211; ett elegant premiumhotell med uts\u00f6kt design, lyxiga rum och panoramautsikt \u00f6ver sj\u00f6n.<\/li>\n<li><strong><a class=\"pin_btn\" href=\"https:\/\/www.booking.com\/hotel\/it\/grand-terme-sirmione.en-gb.html?label=sv_garda_stay\" target=\"_blank\" rel=\"noopener nofollow\" onClick=\"gtag(&#039;event&#039;, &#039;btn_booking&#039;); ym(95530874,&#039;reachGoal&#039;,&#039;btn_booking&#039;); return true;\">Grand Hotel Terme<\/a> <\/strong>&#8211; ett fashionabelt hotell med eget thermalcenter, gourmetrestaurang och elegant inredning.<\/li>\n<li><strong><a class=\"pin_btn\" href=\"https:\/\/www.booking.com\/hotel\/it\/flaminia.en-gb.html?label=sv_garda_stay\" target=\"_blank\" rel=\"noopener nofollow\" onClick=\"gtag(&#039;event&#039;, &#039;btn_booking&#039;); ym(95530874,&#039;reachGoal&#039;,&#039;btn_booking&#039;); return true;\">Hotel Flaminia<\/a> <\/strong>&#8211; ett elegant boutiquehotell med sofistikerad design, gourmetk\u00f6k och utm\u00e4rkt service.<\/li>\n<\/ul>\n<p><strong>Medelh\u00f6g priskategori:<\/strong><\/p>\n<ul>\n<li><strong><a class=\"pin_btn\" href=\"https:\/\/www.booking.com\/hotel\/it\/riel.en-gb.html?label=sv_garda_stay\" target=\"_blank\" rel=\"noopener nofollow\" onClick=\"gtag(&#039;event&#039;, &#039;btn_booking&#039;); ym(95530874,&#039;reachGoal&#039;,&#039;btn_booking&#039;); return true;\">Hotel Riel<\/a> <\/strong>&#8211; mysigt familjehotell med bekv\u00e4ma rum och trevlig personal till rimliga priser.<\/li>\n<li><strong><a class=\"pin_btn\" href=\"https:\/\/www.booking.com\/hotel\/it\/mauro.en-gb.html?label=sv_garda_stay\" target=\"_blank\" rel=\"noopener nofollow\" onClick=\"gtag(&#039;event&#039;, &#039;btn_booking&#039;); ym(95530874,&#039;reachGoal&#039;,&#039;btn_booking&#039;); return true;\">Hotel Mauro<\/a> <\/strong>&#8211; ett modernt mellanklasshotell med bra valuta f\u00f6r pengarna.<\/li>\n<li><strong><a class=\"pin_btn\" href=\"https:\/\/www.booking.com\/hotel\/it\/mon-repos-sirmione.en-gb.html?label=sv_garda_stay\" target=\"_blank\" rel=\"noopener nofollow\" onClick=\"gtag(&#039;event&#039;, &#039;btn_booking&#039;); ym(95530874,&#039;reachGoal&#039;,&#039;btn_booking&#039;); return true;\">Hotel Mon Repos<\/a> <\/strong>&#8211; ett v\u00e4lkomnande hotell i ett pittoreskt l\u00e4ge med sj\u00f6utsikt och v\u00e4nlig personal.<\/li>\n<\/ul>\n<p><strong>Budgethotell:<\/strong><\/p>\n<ul>\n<li><strong><a class=\"pin_btn\" href=\"https:\/\/www.booking.com\/hotel\/it\/corte-regina.en-gb.html?label=sv_garda_stay\" target=\"_blank\" rel=\"noopener nofollow\" onClick=\"gtag(&#039;event&#039;, &#039;btn_booking&#039;); ym(95530874,&#039;reachGoal&#039;,&#039;btn_booking&#039;); return true;\">Hotel Corte Regina<\/a> <\/strong>&#8211; ett budgethotell med enkla men mysiga rum och trevlig personal.<\/li>\n<li><strong><a class=\"pin_btn\" href=\"https:\/\/www.booking.com\/hotel\/it\/vittoria-sirmione1.en-gb.html?label=sv_garda_stay\" target=\"_blank\" rel=\"noopener nofollow\" onClick=\"gtag(&#039;event&#039;, &#039;btn_booking&#039;); ym(95530874,&#039;reachGoal&#039;,&#039;btn_booking&#039;); return true;\">HOTEL VITTORIA<\/a> <\/strong>&#8211; ett enkelt ekonomihotell med grundl\u00e4ggande bekv\u00e4mligheter till ett rimligt pris.<\/li>\n<li><strong><a class=\"pin_btn\" href=\"https:\/\/www.booking.com\/hotel\/it\/casapatrizia.en-gb.html?label=sv_garda_stay\" target=\"_blank\" rel=\"noopener nofollow\" onClick=\"gtag(&#039;event&#039;, &#039;btn_booking&#039;); ym(95530874,&#039;reachGoal&#039;,&#039;btn_booking&#039;); return true;\">Casa Patrizia B&amp;B<\/a> <\/strong>&#8211; mysigt litet B&amp;B med en hemtrevlig atmosf\u00e4r och g\u00e4stv\u00e4nliga v\u00e4rdar.<\/li>\n<\/ul>\n<h2><span class=\"ez-toc-section\" id=\"2_Peschiera_del_Garda_%E2%80%93_Var_man_kan_bo_med_familjen_%F0%9F%91%AA\"><\/span>2. Peschiera del Garda &#8211; Var man kan bo med familjen \ud83d\udc6a<span class=\"ez-toc-section-end\"><\/span><\/h2>\n<p>\u2708\ufe0f <strong>Snabb \u00e5tkomst:<\/strong> Peschiera ligger bara 30 minuter med bil fr\u00e5n Verona, och n\u00e4rheten till transportknutpunkter, prisv\u00e4rda boenden och en kompakt historisk stadsk\u00e4rna som man kan promenera i g\u00f6r staden till en utm\u00e4rkt ink\u00f6rsport.<\/p>\n<div class=\"niceseo_gallery_wrap\" data-niceseo-gallery-fancybox=\"1\"><div class=\"niceseo_gallery_fancybox niceseo_gallery_columns2 \"><div class=\"niceseo_gallery_fancybox_item\" style=\"baackground-image:url(https:\/\/wheretostayin.city\/wp-content\/uploads\/2023\/12\/Peschiera_del_Garda-3.jpg)\"><a href=\"https:\/\/wheretostayin.city\/wp-content\/uploads\/2023\/12\/Peschiera_del_Garda-3.jpg\" data-fancybox=\"gallery[969291]\" rel=\"lightbox[969291]\" title=\"Peschiera del Garda\" alt=\"Peschiera del Garda\"><img decoding=\"async\" loading=\"lazy\" width=\"280px\" height=\"280px\"  src=\"https:\/\/wheretostayin.city\/wp-content\/uploads\/2023\/12\/Peschiera_del_Garda-3.jpg\" title=\"Peschiera del Garda\" alt=\"Peschiera del Garda\"><\/a><\/div><div class=\"niceseo_gallery_fancybox_item\" style=\"baackground-image:url(https:\/\/wheretostayin.city\/wp-content\/uploads\/2023\/12\/Peschiera_del_Garda-2.jpg)\"><a href=\"https:\/\/wheretostayin.city\/wp-content\/uploads\/2023\/12\/Peschiera_del_Garda-2.jpg\" data-fancybox=\"gallery[969291]\" rel=\"lightbox[969291]\" title=\"Peschiera del Garda\" alt=\"Peschiera del Garda\"><img decoding=\"async\" loading=\"lazy\" width=\"280px\" height=\"280px\"  src=\"https:\/\/wheretostayin.city\/wp-content\/uploads\/2023\/12\/Peschiera_del_Garda-2.jpg\" title=\"Peschiera del Garda\" alt=\"Peschiera del Garda\"><\/a><\/div><\/div><div class=\"niceseo_gallery_caption\">Peschiera del Garda <\/div><\/div>\n<p>\ud83c\udff0 <strong>Charmig f<\/strong><strong>\u00e4stning:<\/strong> Trots sin ringa storlek har Peschiera del Garda en hel del att bjuda p\u00e5. Denna pittoreska kommun med ett strategiskt l\u00e4ge vid floden Mincio har en perfekt bevarad venetiansk f\u00e4stning fr\u00e5n 1500-talet, komplett med vallgravar och vindbryggor.<\/p>\n<p>\ud83d\udca6 <strong>Natursk\u00f6na vatten:<\/strong> Du kan g\u00e5 p\u00e5 de gamla vallarna och blicka ut \u00f6ver det glittrande sj\u00f6vattnet och uppskatta Peschieras naturliga sk\u00f6nhet.<\/p>\n<p>Att ta sig runt i Peschiera och till andra destinationer vid Gardasj\u00f6n \u00e4r enkelt tack vare stadens n\u00e4rhet till kommunikationer:<\/p>\n<ul>\n<li>Veronas flygplats ligger bara 22 km bort och n\u00e5s med taxi, shuttle eller t\u00e5g.<\/li>\n<li>T\u00e5gstationen i Peschiera del Garda erbjuder direktf\u00f6rbindelser till Brescia, Venedig, Milano och andra st\u00f6rre italienska st\u00e4der.<\/li>\n<li>Bussar g\u00e5r ofta till n\u00e4rliggande st\u00e4der som Lazise och n\u00f6jesparken Gardaland.<\/li>\n<li>Passagerarfartyg l\u00e4gger till direkt i staden f\u00f6r natursk\u00f6na sj\u00f6kryssningar.<\/li>\n<\/ul>\n<div class=\"niceseo_gallery_wrap\" data-niceseo-gallery-fancybox=\"1\"><div class=\"niceseo_gallery_fancybox\"><div class=\"niceseo_gallery_fancybox_item\" style=\"baackground-image:url(https:\/\/wheretostayin.city\/wp-content\/uploads\/2023\/12\/Fortress_of_Peschiera_del_Garda-3.jpg)\"><a href=\"https:\/\/wheretostayin.city\/wp-content\/uploads\/2023\/12\/Fortress_of_Peschiera_del_Garda-3.jpg\" data-fancybox=\"gallery[3280668]\" rel=\"lightbox[3280668]\" title=\"Fortress of Peschiera del Garda\" alt=\"Fortress of Peschiera del Garda\"><img decoding=\"async\" loading=\"lazy\" width=\"280px\" height=\"280px\"  src=\"https:\/\/wheretostayin.city\/wp-content\/uploads\/2023\/12\/Fortress_of_Peschiera_del_Garda-3.jpg\" title=\"Fortress of Peschiera del Garda\" alt=\"Fortress of Peschiera del Garda\"><\/a><\/div><div class=\"niceseo_gallery_fancybox_item\" style=\"baackground-image:url(https:\/\/wheretostayin.city\/wp-content\/uploads\/2023\/12\/Fortress_of_Peschiera_del_Garda-1.jpg)\"><a href=\"https:\/\/wheretostayin.city\/wp-content\/uploads\/2023\/12\/Fortress_of_Peschiera_del_Garda-1.jpg\" data-fancybox=\"gallery[3280668]\" rel=\"lightbox[3280668]\" title=\"Fortress of Peschiera del Garda\" alt=\"Fortress of Peschiera del Garda\"><img decoding=\"async\" loading=\"lazy\" width=\"280px\" height=\"280px\"  src=\"https:\/\/wheretostayin.city\/wp-content\/uploads\/2023\/12\/Fortress_of_Peschiera_del_Garda-1.jpg\" title=\"Fortress of Peschiera del Garda\" alt=\"Fortress of Peschiera del Garda\"><\/a><\/div><div class=\"niceseo_gallery_fancybox_item\" style=\"baackground-image:url(https:\/\/wheretostayin.city\/wp-content\/uploads\/2023\/12\/Fortress_of_Peschiera_del_Garda-2.jpg)\"><a href=\"https:\/\/wheretostayin.city\/wp-content\/uploads\/2023\/12\/Fortress_of_Peschiera_del_Garda-2.jpg\" data-fancybox=\"gallery[3280668]\" rel=\"lightbox[3280668]\" title=\"Fortress of Peschiera del Garda\" alt=\"Fortress of Peschiera del Garda\"><img decoding=\"async\" loading=\"lazy\" width=\"280px\" height=\"280px\"  src=\"https:\/\/wheretostayin.city\/wp-content\/uploads\/2023\/12\/Fortress_of_Peschiera_del_Garda-2.jpg\" title=\"Fortress of Peschiera del Garda\" alt=\"Fortress of Peschiera del Garda\"><\/a><\/div><\/div><div class=\"niceseo_gallery_caption\">F\u00e4stningen i Peschiera del Garda<\/div><\/div>\n<p>\ud83c\udf05 <strong>En strandpromenad kantad <\/strong>av palmer och livfulla blommor ger m\u00f6jlighet till lugna promenader n\u00e4r som helst p\u00e5 dagen, med fantastiska utsikter \u00f6ver de sn\u00f6kl\u00e4dda Alperna som syns i fj\u00e4rran.<\/p>\n<p style=\"text-align: center;\"><a class=\"btn pin_btn\" href=\"https:\/\/www.booking.com\/city\/it\/peschiera-del-garda.sv-gb.html?label=sv_garda_stay\" target=\"_blank\" rel=\"noopener nofollow\" onClick=\"gtag(&#039;event, &#039;btn_booking&#039;); ym(95530874,&#039;reachGoal&#039;,&#039;btn_booking&#039;); return true;\">Alla hotell i Peschiera del Garda \u2192<\/a><\/p>\n<h3>Var ska man bo i Peschiera del Garda? \ud83c\udfe8<\/h3>\n<p><strong>Dyra hotell:<\/strong><\/p>\n<ul>\n<li><strong><a class=\"pin_btn\" href=\"https:\/\/www.booking.com\/hotel\/it\/bell-arrivo.en-gb.html?label=sv_garda_stay\" target=\"_blank\" rel=\"noopener nofollow\" onClick=\"gtag(&#039;event&#039;, &#039;btn_booking&#039;); ym(95530874,&#039;reachGoal&#039;,&#039;btn_booking&#039;); return true;\">Hotel Bell&#039;arrivo<\/a> <\/strong>&#8211; ett elegant hotell i en historisk byggnad med uts\u00f6kt interi\u00f6r och panoramautsikt \u00f6ver Gardasj\u00f6n.<\/li>\n<li><strong><a class=\"pin_btn\" href=\"https:\/\/www.booking.com\/hotel\/it\/k-modern-peschiera-del-garda1.html?label=sv_garda_stay\" target=\"_blank\" rel=\"noopener nofollow\" onClick=\"gtag(&#039;event&#039;, &#039;btn_booking&#039;); ym(95530874,&#039;reachGoal&#039;,&#039;btn_booking&#039;); return true;\">K MODERN HOTEL<\/a> <\/strong>&#8211; modernt designhotell med lyxiga rum, utm\u00e4rkt restaurang och spa-center.<\/li>\n<\/ul>\n<p><strong>Medelh\u00f6g priskategori:<\/strong><\/p>\n<ul>\n<li><strong><a class=\"pin_btn\" href=\"https:\/\/www.booking.com\/hotel\/it\/appartamento-in-centro-a-peschiera-del-garda.en-gb.html?label=sv_garda_stay\" target=\"_blank\" rel=\"noopener nofollow\" onClick=\"gtag(&#039;event&#039;, &#039;btn_booking&#039;); ym(95530874,&#039;reachGoal&#039;,&#039;btn_booking&#039;); return true;\">APPARTAMENTO PESCHIERA<\/a> <\/strong>&#8211; rymliga l\u00e4genheter med k\u00f6k och balkong n\u00e4ra centrum och stranden.<\/li>\n<li><strong><a class=\"pin_btn\" href=\"https:\/\/www.booking.com\/hotel\/it\/arilica.en-gb.html?label=sv_garda_stay\" target=\"_blank\" rel=\"noopener nofollow\" onClick=\"gtag(&#039;event&#039;, &#039;btn_booking&#039;); ym(95530874,&#039;reachGoal&#039;,&#039;btn_booking&#039;); return true;\">Hotel Arilica<\/a> <\/strong>&#8211; mysigt familjehotell i lugnt l\u00e4ge med utsikt \u00f6ver sj\u00f6 och berg.<\/li>\n<li><strong><a class=\"pin_btn\" href=\"https:\/\/www.booking.com\/hotel\/it\/piccolo-peschiera-del-garda.en-gb.html?label=sv_garda_stay\" target=\"_blank\" rel=\"noopener nofollow\" onClick=\"gtag(&#039;event&#039;, &#039;btn_booking&#039;); ym(95530874,&#039;reachGoal&#039;,&#039;btn_booking&#039;); return true;\">Hotel Clarin 14 by Dori<\/a> <\/strong>&#8211; bekv\u00e4mt hotell i en historisk byggnad i hj\u00e4rtat av den gamla stadsdelen.<\/li>\n<\/ul>\n<p><strong>Budgethotell:<\/strong><\/p>\n<ul>\n<li><strong><a class=\"pin_btn\" href=\"https:\/\/www.booking.com\/hotel\/it\/primavera-peschiera-del-garda.en-gb.html?label=sv_garda_stay\" target=\"_blank\" rel=\"noopener nofollow\" onClick=\"gtag(&#039;event&#039;, &#039;btn_booking&#039;); ym(95530874,&#039;reachGoal&#039;,&#039;btn_booking&#039;); return true;\">Hotel Primavera<\/a> <\/strong>&#8211; enkelt och billigt hotell med grundl\u00e4ggande bekv\u00e4mligheter, bra f\u00f6r korta stopp.<\/li>\n<li><strong><a class=\"pin_btn\" href=\"https:\/\/www.booking.com\/hotel\/it\/holidays-artisti.en-gb.html?label=sv_garda_stay\" target=\"_blank\" rel=\"noopener nofollow\" onClick=\"gtag(&#039;event&#039;, &#039;btn_booking&#039;); ym(95530874,&#039;reachGoal&#039;,&#039;btn_booking&#039;); return true;\">B&amp;B Holidays Artisti<\/a> <\/strong>&#8211; ett v\u00e4lkomnande minihotell med en varm atmosf\u00e4r och rimliga priser.<\/li>\n<li><strong><a class=\"pin_btn\" href=\"https:\/\/www.booking.com\/hotel\/it\/civico-22-peschiera-del-garda.sv-gb.html?label=sv_garda_stay\" target=\"_blank\" rel=\"noopener nofollow\" onClick=\"gtag(&#039;event&#039;, &#039;btn_booking&#039;); ym(95530874,&#039;reachGoal&#039;,&#039;btn_booking&#039;); return true;\">CIVICO 22<\/a> <\/strong>&#8211; litet mysigt hotell i en historisk byggnad till ett \u00f6verkomligt pris.<\/li>\n<\/ul>\n<h2><span class=\"ez-toc-section\" id=\"3_Riva_del_Garda_%E2%80%93_Basta_bergslandskapet_vid_sjon_%F0%9F%8F%94\"><\/span>3. Riva del Garda &#8211; B\u00e4sta bergslandskapet vid sj\u00f6n \ud83c\udfd4<span class=\"ez-toc-section-end\"><\/span><\/h2>\n<p>Riva del Garda \u00e4r k\u00e4nt f\u00f6r sitt hisnande bergslandskap och sin rika italienska kultur.<\/p>\n<div class=\"niceseo_gallery_wrap\" data-niceseo-gallery-fancybox=\"1\"><div class=\"niceseo_gallery2\"><div  style=\"baackground-image:url(https:\/\/wheretostayin.city\/wp-content\/uploads\/2023\/12\/Riva_del_Garda.jpg)\"><a href=\"https:\/\/wheretostayin.city\/wp-content\/uploads\/2023\/12\/Riva_del_Garda.jpg\" data-fancybox=\"gallery[3791003]\" rel=\"lightbox[3791003]\" title=\"Riva del Garda\" alt=\"Riva del Garda\"><img decoding=\"async\" loading=\"lazy\" width=\"570px\" height=\"435px\" src=\"https:\/\/wheretostayin.city\/wp-content\/uploads\/2023\/12\/Riva_del_Garda.jpg\" title=\"Riva del Garda\" alt=\"Riva del Garda\"><\/a><\/div><div  style=\"baackground-image:url(https:\/\/wheretostayin.city\/wp-content\/uploads\/2023\/12\/Riva_del_Garda-2.jpg)\"><a href=\"https:\/\/wheretostayin.city\/wp-content\/uploads\/2023\/12\/Riva_del_Garda-2.jpg\" data-fancybox=\"gallery[3791003]\" rel=\"lightbox[3791003]\" title=\"Riva del Garda\" alt=\"Riva del Garda\"><img decoding=\"async\" loading=\"lazy\" width=\"570px\" height=\"435px\" src=\"https:\/\/wheretostayin.city\/wp-content\/uploads\/2023\/12\/Riva_del_Garda-2.jpg\" title=\"Riva del Garda\" alt=\"Riva del Garda\"><\/a><\/div><div  style=\"baackground-image:url(https:\/\/wheretostayin.city\/wp-content\/uploads\/2023\/12\/Riva_del_Garda-3.jpg)\"><a href=\"https:\/\/wheretostayin.city\/wp-content\/uploads\/2023\/12\/Riva_del_Garda-3.jpg\" data-fancybox=\"gallery[3791003]\" rel=\"lightbox[3791003]\" title=\"Riva del Garda\" alt=\"Riva del Garda\"><img decoding=\"async\" loading=\"lazy\" width=\"570px\" height=\"435px\" src=\"https:\/\/wheretostayin.city\/wp-content\/uploads\/2023\/12\/Riva_del_Garda-3.jpg\" title=\"Riva del Garda\" alt=\"Riva del Garda\"><\/a><\/div><div  style=\"baackground-image:url(https:\/\/wheretostayin.city\/wp-content\/uploads\/2023\/12\/Riva_del_Garda-1.jpg)\"><a href=\"https:\/\/wheretostayin.city\/wp-content\/uploads\/2023\/12\/Riva_del_Garda-1.jpg\" data-fancybox=\"gallery[3791003]\" rel=\"lightbox[3791003]\" title=\"Riva del Garda\" alt=\"Riva del Garda\"><img decoding=\"async\" loading=\"lazy\" width=\"570px\" height=\"435px\" src=\"https:\/\/wheretostayin.city\/wp-content\/uploads\/2023\/12\/Riva_del_Garda-1.jpg\" title=\"Riva del Garda\" alt=\"Riva del Garda\"><\/a><\/div><\/div><div class=\"niceseo_gallery_caption\">Riva del Garda<\/div><\/div>\n<p>\u26f0<strong> Omgiven av berg: <\/strong>Staden ligger vid foten av branta klippor och omges av Brenta Dolomiterna, en del av den alpina bergskedjan. N\u00e5gra viktiga platser \u00e4r Monte Rocchetta och Monte Brione, som b\u00e5da \u00e4r l\u00e4ttillg\u00e4ngliga via vandringsleder direkt i staden.<\/p>\n<p>\ud83d\udd1d<strong> N\u00e5gra av de b\u00e4sta sakerna att se och g\u00f6ra i Riva del Garda:<\/strong><\/p>\n<ul>\n<li>Piazza III Novembre &#8211; Livfullt torg med restauranger och butiker<\/li>\n<li>Torre Apponale &#8211; torn fr\u00e5n 1200-talet med historiska utst\u00e4llningar<\/li>\n<li>La Rocca &#8211; imponerande medeltida f\u00e4stning med torn och f\u00f6rsvarsverk<\/li>\n<li>Windsurfing &#8211; vindf\u00f6rh\u00e5llanden lockar surfare fr\u00e5n n\u00e4r och fj\u00e4rran<\/li>\n<\/ul>\n<div class=\"niceseo_gallery_wrap\" data-niceseo-gallery-fancybox=\"1\"><div class=\"niceseo_gallery_fancybox\"><div class=\"niceseo_gallery_fancybox_item\" style=\"baackground-image:url(https:\/\/wheretostayin.city\/wp-content\/uploads\/2023\/12\/Riva_del_Garda_Torre_Apponale-1.jpg)\"><a href=\"https:\/\/wheretostayin.city\/wp-content\/uploads\/2023\/12\/Riva_del_Garda_Torre_Apponale-1.jpg\" data-fancybox=\"gallery[7940242]\" rel=\"lightbox[7940242]\" title=\"Torre Apponale, Piazza III Novembre\" alt=\"Torre Apponale, Piazza III Novembre\"><img decoding=\"async\" loading=\"lazy\" width=\"280px\" height=\"280px\"  src=\"https:\/\/wheretostayin.city\/wp-content\/uploads\/2023\/12\/Riva_del_Garda_Torre_Apponale-1.jpg\" title=\"Torre Apponale, Piazza III Novembre\" alt=\"Torre Apponale, Piazza III Novembre\"><\/a><\/div><div class=\"niceseo_gallery_fancybox_item\" style=\"baackground-image:url(https:\/\/wheretostayin.city\/wp-content\/uploads\/2023\/12\/Riva_del_Garda_Torre_Apponale-2.jpg)\"><a href=\"https:\/\/wheretostayin.city\/wp-content\/uploads\/2023\/12\/Riva_del_Garda_Torre_Apponale-2.jpg\" data-fancybox=\"gallery[7940242]\" rel=\"lightbox[7940242]\" title=\"Torre Apponale\" alt=\"Torre Apponale\"><img decoding=\"async\" loading=\"lazy\" width=\"280px\" height=\"280px\"  src=\"https:\/\/wheretostayin.city\/wp-content\/uploads\/2023\/12\/Riva_del_Garda_Torre_Apponale-2.jpg\" title=\"Torre Apponale\" alt=\"Torre Apponale\"><\/a><\/div><div class=\"niceseo_gallery_fancybox_item\" style=\"baackground-image:url(https:\/\/wheretostayin.city\/wp-content\/uploads\/2023\/12\/La_Rocca_Riva_del_Garda.jpg)\"><a href=\"https:\/\/wheretostayin.city\/wp-content\/uploads\/2023\/12\/La_Rocca_Riva_del_Garda.jpg\" data-fancybox=\"gallery[7940242]\" rel=\"lightbox[7940242]\" title=\"La Rocca\" alt=\"La Rocca\"><img decoding=\"async\" loading=\"lazy\" width=\"280px\" height=\"280px\"  src=\"https:\/\/wheretostayin.city\/wp-content\/uploads\/2023\/12\/La_Rocca_Riva_del_Garda.jpg\" title=\"La Rocca\" alt=\"La Rocca\"><\/a><\/div><\/div><div class=\"niceseo_gallery_caption\">Riva del Garda sev\u00e4rdheter<\/div><\/div>\n<p>\ud83c\udf86 <strong>Sommarevenemang: <\/strong>Om du bes\u00f6ker oss p\u00e5 sommaren kan du se regelbundna evenemang och festivaler som \u00e4ger rum p\u00e5 stadens stora torg.<\/p>\n<p>\ud83d\udeb4\u200d\u2642\ufe0f <strong>Enkel transport:<\/strong> Staden \u00e4r mycket promenadv\u00e4nlig, men f\u00e4rjor, bussar, cyklar och b\u00e5tar g\u00f6r det ocks\u00e5 enkelt att ta sig runt om du vill ta dig utanf\u00f6r centrum.<\/p>\n<p style=\"text-align: center;\"><a class=\"btn pin_btn\" href=\"https:\/\/www.booking.com\/city\/it\/riva-del-garda.sv-gb.html?label=sv_garda_stay\" target=\"_blank\" rel=\"noopener nofollow\" onClick=\"gtag(&#039;event, &#039;btn_booking&#039;); ym(95530874,&#039;reachGoal&#039;,&#039;btn_booking&#039;); return true;\">Alla hotell i Riva del Garda \u2192<\/a><\/p>\n<h3>Var ska man bo i Riva del Garda? \ud83c\udfe8<\/h3>\n<p><strong>Dyra hotell:<\/strong><\/p>\n<ul>\n<li><strong><a class=\"pin_btn\" href=\"https:\/\/www.booking.com\/hotel\/it\/lido-palace.en-gb.html?label=sv_garda_stay\" target=\"_blank\" rel=\"noopener nofollow\" onClick=\"gtag(&#039;event&#039;, &#039;btn_booking&#039;); ym(95530874,&#039;reachGoal&#039;,&#039;btn_booking&#039;); return true;\">Lido Palace<\/a> <\/strong>&#8211; ett f\u00f6rstklassigt lyxhotell med uts\u00f6kt design, bel\u00e4get vid Gardasj\u00f6ns strand med pittoresk utsikt.<\/li>\n<li><strong><a class=\"pin_btn\" href=\"https:\/\/www.booking.com\/hotel\/it\/giardino-verdi.en-gb.html?label=sv_garda_stay\" target=\"_blank\" rel=\"noopener nofollow\" onClick=\"gtag(&#039;event&#039;, &#039;btn_booking&#039;); ym(95530874,&#039;reachGoal&#039;,&#039;btn_booking&#039;); return true;\">Hotel Giardino Verdi<\/a> <\/strong>&#8211; mysigt hotell i typisk italiensk stil med uteplats och gr\u00f6n tr\u00e4dg\u00e5rd.<\/li>\n<li><strong><a class=\"pin_btn\" href=\"https:\/\/www.booking.com\/hotel\/it\/residence-zangirolami-luxury-garden-and-balcony-apartments-riva-del-garda.en-gb.html?label=sv_garda_stay\" target=\"_blank\" rel=\"noopener nofollow\" onClick=\"gtag(&#039;event&#039;, &#039;btn_booking&#039;); ym(95530874,&#039;reachGoal&#039;,&#039;btn_booking&#039;); return true;\">Residence Zangirolami<\/a> <\/strong>&#8211; eleganta l\u00e4genheter med privata tr\u00e4dg\u00e5rdar och balkonger, idealiska f\u00f6r en privat semester vid Gardasj\u00f6n.<\/li>\n<\/ul>\n<p><strong>Medelh\u00f6g priskategori:<\/strong><\/p>\n<ul>\n<li><strong><a class=\"pin_btn\" href=\"https:\/\/www.booking.com\/hotel\/it\/hotelbrionerivadelgarda.en-gb.html?label=sv_garda_stay\" target=\"_blank\" rel=\"noopener nofollow\" onClick=\"gtag(&#039;event&#039;, &#039;btn_booking&#039;); ym(95530874,&#039;reachGoal&#039;,&#039;btn_booking&#039;); return true;\">Brione Green Resort<\/a> <\/strong>&#8211; ett modernt semesterhotell med utm\u00e4rkta faciliteter f\u00f6r en aktiv semester.<\/li>\n<li><strong><a class=\"pin_btn\" href=\"https:\/\/www.booking.com\/hotel\/it\/garni-39-foci.en-gb.html?label=sv_garda_stay\" target=\"_blank\" rel=\"noopener nofollow\" onClick=\"gtag(&#039;event&#039;, &#039;btn_booking&#039;); ym(95530874,&#039;reachGoal&#039;,&#039;btn_booking&#039;); return true;\">GARNI&#039; FOCI<\/a> <\/strong>&#8211; enkelt och billigt hotell med grundl\u00e4ggande bekv\u00e4mligheter, ett bra alternativ f\u00f6r budgetresen\u00e4rer.<\/li>\n<li><strong><a class=\"pin_btn\" href=\"https:\/\/www.booking.com\/hotel\/it\/albergo-riva-dl-garda.en-gb.html?label=sv_garda_stay\" target=\"_blank\" rel=\"noopener nofollow\" onClick=\"gtag(&#039;event&#039;, &#039;btn_booking&#039;); ym(95530874,&#039;reachGoal&#039;,&#039;btn_booking&#039;); return true;\">Alle Porte<\/a> <\/strong>&#8211; ett kompakt hotell i en historisk byggnad i hj\u00e4rtat av Riva del Garda till ett rimligt pris.<\/li>\n<\/ul>\n<h2><span class=\"ez-toc-section\" id=\"4_Desenzano_del_Garda_%E2%80%93_Basta_stallet_for_strandsemester_%F0%9F%8F%8A%F0%9F%8F%BB%E2%80%8D%E2%99%80%EF%B8%8F\"><\/span>4. Desenzano del Garda &#8211; B\u00e4sta st\u00e4llet f\u00f6r strandsemester \ud83c\udfca\ud83c\udffb\u200d\u2640\ufe0f<span class=\"ez-toc-section-end\"><\/span><\/h2>\n<p>Desenzano del Garda \u00e4r k\u00e4nt f\u00f6r sina str\u00e4nder och sin livliga hamn.<\/p>\n<p>\ud83d\ude97 <strong>Enkel \u00e5tkomst:<\/strong> Desenzano del Garda \u00e4r l\u00e4ttillg\u00e4nglig med bil via motorv\u00e4g A4 om du kommer fr\u00e5n Milano eller Venedig. Det har ocks\u00e5 en egen j\u00e4rnv\u00e4gsstation med regelbundna f\u00f6rbindelser till st\u00e4der i norra Italien.<\/p>\n<div class=\"niceseo_gallery_wrap\" data-niceseo-gallery-fancybox=\"1\"><div class=\"niceseo_gallery2\"><div  style=\"baackground-image:url(https:\/\/wheretostayin.city\/wp-content\/uploads\/2023\/12\/Desenzano_del_Garda-2.jpg)\"><a href=\"https:\/\/wheretostayin.city\/wp-content\/uploads\/2023\/12\/Desenzano_del_Garda-2.jpg\" data-fancybox=\"gallery[3216836]\" rel=\"lightbox[3216836]\" title=\"Desenzano del Garda\" alt=\"Desenzano del Garda\"><img decoding=\"async\" loading=\"lazy\" width=\"570px\" height=\"435px\" src=\"https:\/\/wheretostayin.city\/wp-content\/uploads\/2023\/12\/Desenzano_del_Garda-2.jpg\" title=\"Desenzano del Garda\" alt=\"Desenzano del Garda\"><\/a><\/div><div  style=\"baackground-image:url(https:\/\/wheretostayin.city\/wp-content\/uploads\/2023\/12\/Desenzano_del_Garda-3.jpg)\"><a href=\"https:\/\/wheretostayin.city\/wp-content\/uploads\/2023\/12\/Desenzano_del_Garda-3.jpg\" data-fancybox=\"gallery[3216836]\" rel=\"lightbox[3216836]\" title=\"Desenzano del Garda\" alt=\"Desenzano del Garda\"><img decoding=\"async\" loading=\"lazy\" width=\"570px\" height=\"435px\" src=\"https:\/\/wheretostayin.city\/wp-content\/uploads\/2023\/12\/Desenzano_del_Garda-3.jpg\" title=\"Desenzano del Garda\" alt=\"Desenzano del Garda\"><\/a><\/div><div  style=\"baackground-image:url(https:\/\/wheretostayin.city\/wp-content\/uploads\/2023\/12\/Desenzano_del_Garda-7.jpg)\"><a href=\"https:\/\/wheretostayin.city\/wp-content\/uploads\/2023\/12\/Desenzano_del_Garda-7.jpg\" data-fancybox=\"gallery[3216836]\" rel=\"lightbox[3216836]\" title=\"Desenzano del Garda\" alt=\"Desenzano del Garda\"><img decoding=\"async\" loading=\"lazy\" width=\"570px\" height=\"435px\" src=\"https:\/\/wheretostayin.city\/wp-content\/uploads\/2023\/12\/Desenzano_del_Garda-7.jpg\" title=\"Desenzano del Garda\" alt=\"Desenzano del Garda\"><\/a><\/div><div  style=\"baackground-image:url(https:\/\/wheretostayin.city\/wp-content\/uploads\/2023\/12\/Desenzano_del_Garda-6.jpg)\"><a href=\"https:\/\/wheretostayin.city\/wp-content\/uploads\/2023\/12\/Desenzano_del_Garda-6.jpg\" data-fancybox=\"gallery[3216836]\" rel=\"lightbox[3216836]\" title=\"Desenzano del Garda\" alt=\"Desenzano del Garda\"><img decoding=\"async\" loading=\"lazy\" width=\"570px\" height=\"435px\" src=\"https:\/\/wheretostayin.city\/wp-content\/uploads\/2023\/12\/Desenzano_del_Garda-6.jpg\" title=\"Desenzano del Garda\" alt=\"Desenzano del Garda\"><\/a><\/div><\/div><div class=\"niceseo_gallery_caption\">Desenzano del Garda<\/div><\/div>\n<p>\ud83d\udc63 <strong>Paradis f\u00f6r vandrare:<\/strong> Denna lilla stad utforskas b\u00e4st till fots. Alla st\u00f6rre sev\u00e4rdheter, butiker och restauranger ligger inom bekv\u00e4mt g\u00e5ngavst\u00e5nd fr\u00e5n varandra. F\u00f6r att bes\u00f6ka andra st\u00e4der runt sj\u00f6n finns det regelbundna f\u00e4rjor och lokala bussar som avg\u00e5r direkt fr\u00e5n Piazza Matteotti i hj\u00e4rtat av Desenzano del Garda.<\/p>\n<p>\ud83d\udd1d<strong> N\u00e5gra h\u00f6jdpunkter f\u00f6r bes\u00f6kare inkluderar:<\/strong><\/p>\n<ul>\n<li>Piazza Giuseppe Malvezzi: Det centrala torget i gamla stan med restauranger och nattliv<\/li>\n<li>Castello di Desenzano del Garda: Med anor fr\u00e5n 1200-talet och ett torn med panoramautsikt<\/li>\n<li>Spiaggia d&#8217;Oro, Spiaggia di Rivoltella, Spiaggia &#8221;Desenzanino&#8221;: Vackra offentliga sandstr\u00e4nder l\u00e4ngs sj\u00f6stranden<\/li>\n<\/ul>\n<p>Och den 10 kilometer l\u00e5nga strandpromenaden \u00e4r perfekt f\u00f6r promenader eller cykelturer.<\/p>\n<div class=\"niceseo_gallery_wrap\" data-niceseo-gallery-fancybox=\"1\"><div class=\"niceseo_gallery2\"><div  style=\"baackground-image:url(https:\/\/wheretostayin.city\/wp-content\/uploads\/2023\/12\/Piazza-Giuseppe-Malvezzi.jpg)\"><a href=\"https:\/\/wheretostayin.city\/wp-content\/uploads\/2023\/12\/Piazza-Giuseppe-Malvezzi.jpg\" data-fancybox=\"gallery[4269370]\" rel=\"lightbox[4269370]\" title=\"Piazza Giuseppe Malvezzi\" alt=\"Piazza Giuseppe Malvezzi\"><img decoding=\"async\" loading=\"lazy\" width=\"570px\" height=\"435px\" src=\"https:\/\/wheretostayin.city\/wp-content\/uploads\/2023\/12\/Piazza-Giuseppe-Malvezzi.jpg\" title=\"Piazza Giuseppe Malvezzi\" alt=\"Piazza Giuseppe Malvezzi\"><\/a><\/div><div  style=\"baackground-image:url(https:\/\/wheretostayin.city\/wp-content\/uploads\/2023\/12\/Castello-di-Desenzano-del-Garda.jpg)\"><a href=\"https:\/\/wheretostayin.city\/wp-content\/uploads\/2023\/12\/Castello-di-Desenzano-del-Garda.jpg\" data-fancybox=\"gallery[4269370]\" rel=\"lightbox[4269370]\" title=\"Piazza Giuseppe Malvezzi\" alt=\"Piazza Giuseppe Malvezzi\"><img decoding=\"async\" loading=\"lazy\" width=\"570px\" height=\"435px\" src=\"https:\/\/wheretostayin.city\/wp-content\/uploads\/2023\/12\/Castello-di-Desenzano-del-Garda.jpg\" title=\"Piazza Giuseppe Malvezzi\" alt=\"Piazza Giuseppe Malvezzi\"><\/a><\/div><div  style=\"baackground-image:url(https:\/\/wheretostayin.city\/wp-content\/uploads\/2023\/12\/Spiaggia_Desenzano-del-Garda-1.jpg)\"><a href=\"https:\/\/wheretostayin.city\/wp-content\/uploads\/2023\/12\/Spiaggia_Desenzano-del-Garda-1.jpg\" data-fancybox=\"gallery[4269370]\" rel=\"lightbox[4269370]\" title=\"Spiaggia Desenzano del Garda\" alt=\"Spiaggia Desenzano del Garda\"><img decoding=\"async\" loading=\"lazy\" width=\"570px\" height=\"435px\" src=\"https:\/\/wheretostayin.city\/wp-content\/uploads\/2023\/12\/Spiaggia_Desenzano-del-Garda-1.jpg\" title=\"Spiaggia Desenzano del Garda\" alt=\"Spiaggia Desenzano del Garda\"><\/a><\/div><div  style=\"baackground-image:url(https:\/\/wheretostayin.city\/wp-content\/uploads\/2023\/12\/Spiaggia_Desenzano-del-Garda-3.jpg)\"><a href=\"https:\/\/wheretostayin.city\/wp-content\/uploads\/2023\/12\/Spiaggia_Desenzano-del-Garda-3.jpg\" data-fancybox=\"gallery[4269370]\" rel=\"lightbox[4269370]\" title=\"Spiaggia Desenzano del Garda\" alt=\"Spiaggia Desenzano del Garda\"><img decoding=\"async\" loading=\"lazy\" width=\"570px\" height=\"435px\" src=\"https:\/\/wheretostayin.city\/wp-content\/uploads\/2023\/12\/Spiaggia_Desenzano-del-Garda-3.jpg\" title=\"Spiaggia Desenzano del Garda\" alt=\"Spiaggia Desenzano del Garda\"><\/a><\/div><\/div><div class=\"niceseo_gallery_caption\">Sev\u00e4rdheter i Desenzano del Garda<\/div><\/div>\n<p>\ud83c\udf1e <strong>Perfekt l\u00e4ge:<\/strong> Det vackra l\u00e4get vid sj\u00f6n, sandstr\u00e4nderna och kommunikationerna ger alla f\u00f6ruts\u00e4ttningar f\u00f6r ett trevligt bes\u00f6k.<\/p>\n<p style=\"text-align: center;\"><a class=\"btn pin_btn\" href=\"https:\/\/www.booking.com\/city\/it\/desenzano-del-garda.sv-gb.html?label=sv_garda_stay\" target=\"_blank\" rel=\"noopener nofollow\" onClick=\"gtag(&#039;event, &#039;btn_booking&#039;); ym(95530874,&#039;reachGoal&#039;,&#039;btn_booking&#039;); return true;\">Alla hotell i Desenzano del Garda \u2192<\/a><\/p>\n<h3>Var ska man bo i Desenzano del Garda? \ud83c\udfe8<\/h3>\n<p><strong>Dyra hotell:<\/strong><\/p>\n<ul>\n<li><strong><a class=\"pin_btn\" href=\"https:\/\/www.booking.com\/hotel\/it\/residenza-elisa.en-gb.html?label=sv_garda_stay\" target=\"_blank\" rel=\"noopener nofollow\" onClick=\"gtag(&#039;event&#039;, &#039;btn_booking&#039;); ym(95530874,&#039;reachGoal&#039;,&#039;btn_booking&#039;); return true;\">Residenza Elisa<\/a> <\/strong>&#8211; eleganta premiuml\u00e4genheter med panoramautsikt \u00f6ver Gardasj\u00f6n och bergen.<\/li>\n<li><strong><a class=\"pin_btn\" href=\"https:\/\/www.booking.com\/hotel\/it\/bonotto-desenzano.en-gb.html?label=sv_garda_stay\" target=\"_blank\" rel=\"noopener nofollow\" onClick=\"gtag(&#039;event&#039;, &#039;btn_booking&#039;); ym(95530874,&#039;reachGoal&#039;,&#039;btn_booking&#039;); return true;\">Hotel Bonotto<\/a> <\/strong>&#8211; lyxigt hotell med exklusiv service i en historisk byggnad.<\/li>\n<li><strong><a class=\"pin_btn\" href=\"https:\/\/www.booking.com\/hotel\/it\/red-amp-blu.en-gb.html?label=sv_garda_stay\" target=\"_blank\" rel=\"noopener nofollow\" onClick=\"gtag(&#039;event&#039;, &#039;btn_booking&#039;); ym(95530874,&#039;reachGoal&#039;,&#039;btn_booking&#039;); return true;\">Red &amp; Blu Apartments<\/a> <\/strong>&#8211; rymliga l\u00e4genheter med uts\u00f6kt design och utsikt \u00f6ver sj\u00f6n.<\/li>\n<\/ul>\n<p><strong>Medelh\u00f6g priskategori:<\/strong><\/p>\n<ul>\n<li><strong><a class=\"pin_btn\" href=\"https:\/\/www.booking.com\/hotel\/it\/touring-desenzano-del-garda.sv-gb.html?label=sv_garda_stay\" target=\"_blank\" rel=\"noopener nofollow\" onClick=\"gtag(&#039;event&#039;, &#039;btn_booking&#039;); ym(95530874,&#039;reachGoal&#039;,&#039;btn_booking&#039;); return true;\">Hotel Palazzo del Garda &amp; Spa<\/a> <\/strong>&#8211; bekv\u00e4mt hotell vid sj\u00f6n med utm\u00e4rkt service och spa.<\/li>\n<li><strong><a class=\"pin_btn\" href=\"https:\/\/www.booking.com\/hotel\/it\/sweet-home-desenzano-del-garda1.en-gb.html?label=sv_garda_stay\" target=\"_blank\" rel=\"noopener nofollow\" onClick=\"gtag(&#039;event&#039;, &#039;btn_booking&#039;); ym(95530874,&#039;reachGoal&#039;,&#039;btn_booking&#039;); return true;\">Sweet Home<\/a> <\/strong>&#8211; mysigt pensionat med trevlig personal och bra l\u00e4ge.<\/li>\n<li><strong><a class=\"pin_btn\" href=\"https:\/\/www.booking.com\/hotel\/it\/hotelenrichetta.en-gb.html?label=sv_garda_stay\" target=\"_blank\" rel=\"noopener nofollow\" onClick=\"gtag(&#039;event&#039;, &#039;btn_booking&#039;); ym(95530874,&#039;reachGoal&#039;,&#039;btn_booking&#039;); return true;\">Hotel Enrichetta<\/a> <\/strong>&#8211; ett modernt mellanklasshotell med terrass och sj\u00f6utsikt.<\/li>\n<\/ul>\n<p><strong>Budgethotell:<\/strong><\/p>\n<ul>\n<li><strong><a class=\"pin_btn\" href=\"https:\/\/www.booking.com\/hotel\/it\/hotelcitydesenzanodelgarda.sv-gb.html?label=sv_garda_stay\" target=\"_blank\" rel=\"noopener nofollow\" onClick=\"gtag(&#039;event&#039;, &#039;btn_booking&#039;); ym(95530874,&#039;reachGoal&#039;,&#039;btn_booking&#039;); return true;\">Hotel City<\/a> <\/strong>&#8211; enkelt och billigt hotell i centrum, l\u00e4mpligt f\u00f6r korta resor.<\/li>\n<li><strong><a class=\"pin_btn\" href=\"https:\/\/www.booking.com\/hotel\/it\/south-garda-suites.en-gb.html?label=sv_garda_stay\" target=\"_blank\" rel=\"noopener nofollow\" onClick=\"gtag(&#039;event&#039;, &#039;btn_booking&#039;); ym(95530874,&#039;reachGoal&#039;,&#039;btn_booking&#039;); return true;\">South Garda Suites<\/a> <\/strong>&#8211; l\u00e4genhetshotell med enkla faciliteter, swimmingpool och tr\u00e4dg\u00e5rd.<\/li>\n<li><strong><a class=\"pin_btn\" href=\"https:\/\/www.booking.com\/hotel\/it\/la-villa-desenzano-rooms.en-gb.html?label=sv_garda_stay\" target=\"_blank\" rel=\"noopener nofollow\" onClick=\"gtag(&#039;event&#039;, &#039;btn_booking&#039;); ym(95530874,&#039;reachGoal&#039;,&#039;btn_booking&#039;); return true;\">La Villa Desenzano<\/a> <\/strong>&#8211; litet hotell i en historisk villa, bra f\u00f6r budgetresen\u00e4rer.<\/li>\n<\/ul>\n<h2><span class=\"ez-toc-section\" id=\"5_Limone_sul_Garda_%E2%80%93_Beromda_citronlundar_%F0%9F%8D%8B\"><\/span>5. Limone sul Garda &#8211; Ber\u00f6mda citronlundar \ud83c\udf4b<span class=\"ez-toc-section-end\"><\/span><\/h2>\n<p>\ud83c\udf04 <strong>Idyllisk semesterort<\/strong>: Semesterorten Limone sul Garda ligger l\u00e4ngs Gardasj\u00f6ns nordv\u00e4stra strand. Staden \u00e4r k\u00e4nd f\u00f6r sublima naturlandskap och citronlundar.<\/p>\n<div class=\"niceseo_gallery_wrap\" data-niceseo-gallery-fancybox=\"1\"><div class=\"niceseo_gallery2\"><div  style=\"baackground-image:url(https:\/\/wheretostayin.city\/wp-content\/uploads\/2023\/12\/Limone-sul-Garda-3.jpg)\"><a href=\"https:\/\/wheretostayin.city\/wp-content\/uploads\/2023\/12\/Limone-sul-Garda-3.jpg\" data-fancybox=\"gallery[6859462]\" rel=\"lightbox[6859462]\" title=\"Limone sul Garda\" alt=\"Limone sul Garda\"><img decoding=\"async\" loading=\"lazy\" width=\"570px\" height=\"435px\" src=\"https:\/\/wheretostayin.city\/wp-content\/uploads\/2023\/12\/Limone-sul-Garda-3.jpg\" title=\"Limone sul Garda\" alt=\"Limone sul Garda\"><\/a><\/div><div  style=\"baackground-image:url(https:\/\/wheretostayin.city\/wp-content\/uploads\/2023\/12\/Limone-sul-Garda-1.jpg)\"><a href=\"https:\/\/wheretostayin.city\/wp-content\/uploads\/2023\/12\/Limone-sul-Garda-1.jpg\" data-fancybox=\"gallery[6859462]\" rel=\"lightbox[6859462]\" title=\"Limone sul Garda\" alt=\"Limone sul Garda\"><img decoding=\"async\" loading=\"lazy\" width=\"570px\" height=\"435px\" src=\"https:\/\/wheretostayin.city\/wp-content\/uploads\/2023\/12\/Limone-sul-Garda-1.jpg\" title=\"Limone sul Garda\" alt=\"Limone sul Garda\"><\/a><\/div><div  style=\"baackground-image:url(https:\/\/wheretostayin.city\/wp-content\/uploads\/2023\/12\/Limone-sul-Garda-2.jpg)\"><a href=\"https:\/\/wheretostayin.city\/wp-content\/uploads\/2023\/12\/Limone-sul-Garda-2.jpg\" data-fancybox=\"gallery[6859462]\" rel=\"lightbox[6859462]\" title=\"Limone sul Garda\" alt=\"Limone sul Garda\"><img decoding=\"async\" loading=\"lazy\" width=\"570px\" height=\"435px\" src=\"https:\/\/wheretostayin.city\/wp-content\/uploads\/2023\/12\/Limone-sul-Garda-2.jpg\" title=\"Limone sul Garda\" alt=\"Limone sul Garda\"><\/a><\/div><div  style=\"baackground-image:url(https:\/\/wheretostayin.city\/wp-content\/uploads\/2023\/12\/Limone-sul-Garda-4.jpg)\"><a href=\"https:\/\/wheretostayin.city\/wp-content\/uploads\/2023\/12\/Limone-sul-Garda-4.jpg\" data-fancybox=\"gallery[6859462]\" rel=\"lightbox[6859462]\" title=\"Limone sul Garda\" alt=\"Limone sul Garda\"><img decoding=\"async\" loading=\"lazy\" width=\"570px\" height=\"435px\" src=\"https:\/\/wheretostayin.city\/wp-content\/uploads\/2023\/12\/Limone-sul-Garda-4.jpg\" title=\"Limone sul Garda\" alt=\"Limone sul Garda\"><\/a><\/div><\/div><div class=\"niceseo_gallery_caption\">Limone sul Garda<\/div><\/div>\n<p>\ud83d\udca6 <strong>L\u00e4ge vid en sj\u00f6<\/strong>: Limone sul Garda ligger cirka 50 miles fr\u00e5n Verona och n\u00e4stan halvv\u00e4gs mellan turistst\u00e4derna Riva del Garda och Sirmione. P\u00e5 grund av sitt lugna l\u00e4ge bort fr\u00e5n j\u00e4kt men \u00e4nd\u00e5 n\u00e4ra popul\u00e4ra platser, en atmosf\u00e4r b\u00e5de mysig och bekv\u00e4m \u00e4r njutbar i Limone.<\/p>\n<p>\ud83c\udff0 <strong>Historiskt centrum<\/strong>: Trots liten storlek har Limone sul Garda m\u00e5nga landm\u00e4rken, utkiksplatser och attraktioner:<\/p>\n<ul>\n<li>Lungolago Marconi-promenaden vid sj\u00f6stranden erbjuder en spektakul\u00e4r utsikt \u00f6ver bergen.<\/li>\n<li>Unika f\u00f6rvaringshus med citron, s\u00e5 kallade Lemon Houses, ligger utspridda p\u00e5 stadens kullar och i dalarna.<\/li>\n<li>F\u00f6rsvarsf\u00e4stningen Forti di Cadine fr\u00e5n 1500-talet.<\/li>\n<li>Chiesa di San Benedito kyrka, fr\u00e5n 10-talet e.Kr.<\/li>\n<\/ul>\n<p>\u26f4\ufe0f <strong>Hur man tar sig hit: <\/strong>Det finns tv\u00e5 huvudsakliga s\u00e4tt att ta sig till staden:<\/p>\n<p>med bil via SS45bis<br \/>\nfr\u00e5n v\u00e5r till h\u00f6st finns ett f\u00e4rjesystem som g\u00f6r det enkelt att ta sig mellan byar och str\u00e4nder.<\/p>\n<div class=\"niceseo_gallery_wrap\" data-niceseo-gallery-fancybox=\"1\"><div class=\"niceseo_gallery2\"><div  style=\"baackground-image:url(https:\/\/wheretostayin.city\/wp-content\/uploads\/2023\/12\/Forti-di-Cadine_4.jpg)\"><a href=\"https:\/\/wheretostayin.city\/wp-content\/uploads\/2023\/12\/Forti-di-Cadine_4.jpg\" data-fancybox=\"gallery[1172884]\" rel=\"lightbox[1172884]\" title=\"Forti di Cadine\" alt=\"\"><img decoding=\"async\" loading=\"lazy\" width=\"570px\" height=\"435px\" src=\"https:\/\/wheretostayin.city\/wp-content\/uploads\/2023\/12\/Forti-di-Cadine_4.jpg\" title=\"Forti di Cadine\" alt=\"\"><\/a><\/div><div  style=\"baackground-image:url(https:\/\/wheretostayin.city\/wp-content\/uploads\/2023\/12\/Forte-di-Cadine-3.jpg)\"><a href=\"https:\/\/wheretostayin.city\/wp-content\/uploads\/2023\/12\/Forte-di-Cadine-3.jpg\" data-fancybox=\"gallery[1172884]\" rel=\"lightbox[1172884]\" title=\"Forte di Cadine\" alt=\"Forte di Cadine\"><img decoding=\"async\" loading=\"lazy\" width=\"570px\" height=\"435px\" src=\"https:\/\/wheretostayin.city\/wp-content\/uploads\/2023\/12\/Forte-di-Cadine-3.jpg\" title=\"Forte di Cadine\" alt=\"Forte di Cadine\"><\/a><\/div><div  style=\"baackground-image:url(https:\/\/wheretostayin.city\/wp-content\/uploads\/2023\/12\/San-Benedetto-church-1.jpg)\"><a href=\"https:\/\/wheretostayin.city\/wp-content\/uploads\/2023\/12\/San-Benedetto-church-1.jpg\" data-fancybox=\"gallery[1172884]\" rel=\"lightbox[1172884]\" title=\"San Benedetto church\" alt=\"San Benedetto church\"><img decoding=\"async\" loading=\"lazy\" width=\"570px\" height=\"435px\" src=\"https:\/\/wheretostayin.city\/wp-content\/uploads\/2023\/12\/San-Benedetto-church-1.jpg\" title=\"San Benedetto church\" alt=\"San Benedetto church\"><\/a><\/div><div  style=\"baackground-image:url(https:\/\/wheretostayin.city\/wp-content\/uploads\/2023\/12\/San-Benedetto-church-2.jpg)\"><a href=\"https:\/\/wheretostayin.city\/wp-content\/uploads\/2023\/12\/San-Benedetto-church-2.jpg\" data-fancybox=\"gallery[1172884]\" rel=\"lightbox[1172884]\" title=\"San Benedetto church\" alt=\"San Benedetto church\"><img decoding=\"async\" loading=\"lazy\" width=\"570px\" height=\"435px\" src=\"https:\/\/wheretostayin.city\/wp-content\/uploads\/2023\/12\/San-Benedetto-church-2.jpg\" title=\"San Benedetto church\" alt=\"San Benedetto church\"><\/a><\/div><\/div><div class=\"niceseo_gallery_caption\">F\u00e4stningen Forti di Cadine och kyrkan Chiesa di San Benedito<\/div><\/div>\n<p>F\u00e4rjetiderna \u00e4r s\u00e4songsberoende s\u00e5 kontrollera tillg\u00e4ngligheten.<\/p>\n<p style=\"text-align: center;\"><a class=\"btn pin_btn\" href=\"https:\/\/www.booking.com\/city\/it\/limone-sul-garda.sv-gb.html?label=sv_garda_stay\" target=\"_blank\" rel=\"noopener nofollow\" onClick=\"gtag(&#039;event, &#039;btn_booking&#039;); ym(95530874,&#039;reachGoal&#039;,&#039;btn_booking&#039;); return true;\">Alla hotell i Limone sul Garda \u2192<\/a><\/p>\n<h3>Var kan man bo i Limone sul Garda? \ud83c\udfe8<\/h3>\n<p><strong>Dyra hotell:<\/strong><\/p>\n<ul>\n<li><strong><a class=\"pin_btn\" href=\"https:\/\/www.booking.com\/hotel\/it\/residence-ambra-limone-sul-garda.en-gb.html?label=sv_garda_stay\" target=\"_blank\" rel=\"noopener nofollow\" onClick=\"gtag(&#039;event&#039;, &#039;btn_booking&#039;); ym(95530874,&#039;reachGoal&#039;,&#039;btn_booking&#039;); return true;\">Evo Suites Apartments<\/a> <\/strong>&#8211; elektrifierande l\u00e4genheter med sj\u00f6utsikt som erbjuder fullst\u00e4ndig komfort och avskildhet.<\/li>\n<li><strong><a class=\"pin_btn\" href=\"https:\/\/www.booking.com\/hotel\/it\/park-imperial.en-gb.html?label=sv_garda_stay\" target=\"_blank\" rel=\"noopener nofollow\" onClick=\"gtag(&#039;event&#039;, &#039;btn_booking&#039;); ym(95530874,&#039;reachGoal&#039;,&#039;btn_booking&#039;); return true;\">Park Hotel Imperial<\/a> <\/strong>&#8211; lyxigt hotell med panoramautsikt \u00f6ver sj\u00f6n, gourmetrestaurang och spa-center.<\/li>\n<li><strong><a class=\"pin_btn\" href=\"https:\/\/www.booking.com\/hotel\/it\/garni-gianmartin.en-gb.html?label=sv_garda_stay\" target=\"_blank\" rel=\"noopener nofollow\" onClick=\"gtag(&#039;event&#039;, &#039;btn_booking&#039;); ym(95530874,&#039;reachGoal&#039;,&#039;btn_booking&#039;); return true;\">Garni Gianmartin<\/a> <\/strong>&#8211; ett sofistikerat boutiquehotell med elegant inredning och uppm\u00e4rksam personal.<\/li>\n<\/ul>\n<p><strong>Medelh\u00f6g priskategori:<\/strong><\/p>\n<ul>\n<li><strong><a class=\"pin_btn\" href=\"https:\/\/www.booking.com\/hotel\/it\/villa-margherita-limone-sul-garda.sv-gb.html?label=sv_garda_stay\" target=\"_blank\" rel=\"noopener nofollow\" onClick=\"gtag(&#039;event&#039;, &#039;btn_booking&#039;); ym(95530874,&#039;reachGoal&#039;,&#039;btn_booking&#039;); return true;\">Hotel Villa Margherita<\/a> <\/strong>&#8211; mysigt hotell i traditionell stil med sj\u00f6utsikt och trevlig personal.<\/li>\n<li><strong><a class=\"pin_btn\" href=\"https:\/\/www.booking.com\/hotel\/it\/limone.en-gb.html?label=sv_garda_stay\" target=\"_blank\" rel=\"noopener nofollow\" onClick=\"gtag(&#039;event&#039;, &#039;btn_booking&#039;); ym(95530874,&#039;reachGoal&#039;,&#039;btn_booking&#039;); return true;\">Hotel Limone<\/a> <\/strong>&#8211; ett bekv\u00e4mt hotell i centrum av Limone, som ger bra valuta f\u00f6r pengarna.<\/li>\n<li><strong><a class=\"pin_btn\" href=\"https:\/\/www.booking.com\/hotel\/it\/locanda-ruscello-garni.en-gb.html?label=sv_garda_stay\" target=\"_blank\" rel=\"noopener nofollow\" onClick=\"gtag(&#039;event&#039;, &#039;btn_booking&#039;); ym(95530874,&#039;reachGoal&#039;,&#039;btn_booking&#039;); return true;\">Hotel Locanda Ruscello Garn\u00ec<\/a><\/strong> &#8211; ett charmigt familje\u00e4gt hotell med varm g\u00e4stfrihet.<\/li>\n<\/ul>\n<p><strong>Budgethotell:<\/strong><\/p>\n<ul>\n<li><strong><a class=\"pin_btn\" href=\"https:\/\/www.booking.com\/hotel\/it\/b-amp-b-am-gardasee-blick.en-gb.html?label=sv_garda_stay\" target=\"_blank\" rel=\"noopener nofollow\" onClick=\"gtag(&#039;event&#039;, &#039;btn_booking&#039;); ym(95530874,&#039;reachGoal&#039;,&#039;btn_booking&#039;); return true;\">B&amp;B Am Gardasee blick<\/a> <\/strong>&#8211; ett enkelt pensionat med utsikt \u00f6ver sj\u00f6n, perfekt f\u00f6r budgetresen\u00e4rer.<\/li>\n<li><strong><a class=\"pin_btn\" href=\"https:\/\/www.booking.com\/hotel\/it\/albergo-ristorante-montebaldo.sv-gb.html?label=sv_garda_stay\" target=\"_blank\" rel=\"noopener nofollow\" onClick=\"gtag(&#039;event&#039;, &#039;btn_booking&#039;); ym(95530874,&#039;reachGoal&#039;,&#039;btn_booking&#039;); return true;\">Albergo Ristorante Montebaldo<\/a> <\/strong>&#8211; litet mysigt hotell med uts\u00f6kt hemlagad mat till rimliga priser.<\/li>\n<li><strong><a class=\"pin_btn\" href=\"https:\/\/www.booking.com\/hotel\/it\/hotel-villa-belvedere.en-gb.html?label=sv_garda_stay\" target=\"_blank\" rel=\"noopener nofollow\" onClick=\"gtag(&#039;event&#039;, &#039;btn_booking&#039;); ym(95530874,&#039;reachGoal&#039;,&#039;btn_booking&#039;); return true;\">Villa Belvedere Hotel<\/a> <\/strong>&#8211; anspr\u00e5ksl\u00f6st familjehotell med pittoresk utsikt fr\u00e5n f\u00f6nstren.<\/li>\n<\/ul>\n<h2><span class=\"ez-toc-section\" id=\"6_Malcesine_%E2%80%93_basta_staden_vid_Gardasjon_for_foodies_%F0%9F%8D%95\"><\/span>6. Malcesine &#8211; b\u00e4sta staden vid Gardasj\u00f6n f\u00f6r foodies \ud83c\udf55<span class=\"ez-toc-section-end\"><\/span><\/h2>\n<p>Staden ligger ca 90 minuter med bil fr\u00e5n Verona och kan ocks\u00e5 n\u00e5s med regulj\u00e4ra bussf\u00f6rbindelser och f\u00e4rjor som l\u00e4gger till mitt i staden.<\/p>\n<div class=\"niceseo_gallery_wrap\" data-niceseo-gallery-fancybox=\"1\"><div class=\"niceseo_gallery2\"><div  style=\"baackground-image:url(https:\/\/wheretostayin.city\/wp-content\/uploads\/2023\/12\/Malcesine-4.jpg)\"><a href=\"https:\/\/wheretostayin.city\/wp-content\/uploads\/2023\/12\/Malcesine-4.jpg\" data-fancybox=\"gallery[9327213]\" rel=\"lightbox[9327213]\" title=\"Malcesine\" alt=\"Malcesine\"><img decoding=\"async\" loading=\"lazy\" width=\"570px\" height=\"435px\" src=\"https:\/\/wheretostayin.city\/wp-content\/uploads\/2023\/12\/Malcesine-4.jpg\" title=\"Malcesine\" alt=\"Malcesine\"><\/a><\/div><div  style=\"baackground-image:url(https:\/\/wheretostayin.city\/wp-content\/uploads\/2023\/12\/Malcesine-3.jpg)\"><a href=\"https:\/\/wheretostayin.city\/wp-content\/uploads\/2023\/12\/Malcesine-3.jpg\" data-fancybox=\"gallery[9327213]\" rel=\"lightbox[9327213]\" title=\"Malcesine\" alt=\"Malcesine\"><img decoding=\"async\" loading=\"lazy\" width=\"570px\" height=\"435px\" src=\"https:\/\/wheretostayin.city\/wp-content\/uploads\/2023\/12\/Malcesine-3.jpg\" title=\"Malcesine\" alt=\"Malcesine\"><\/a><\/div><div  style=\"baackground-image:url(https:\/\/wheretostayin.city\/wp-content\/uploads\/2023\/12\/Malcesine-5.jpg)\"><a href=\"https:\/\/wheretostayin.city\/wp-content\/uploads\/2023\/12\/Malcesine-5.jpg\" data-fancybox=\"gallery[9327213]\" rel=\"lightbox[9327213]\" title=\"Malcesine\" alt=\"Malcesine\"><img decoding=\"async\" loading=\"lazy\" width=\"570px\" height=\"435px\" src=\"https:\/\/wheretostayin.city\/wp-content\/uploads\/2023\/12\/Malcesine-5.jpg\" title=\"Malcesine\" alt=\"Malcesine\"><\/a><\/div><div  style=\"baackground-image:url(https:\/\/wheretostayin.city\/wp-content\/uploads\/2023\/12\/Malcesine-1.jpg)\"><a href=\"https:\/\/wheretostayin.city\/wp-content\/uploads\/2023\/12\/Malcesine-1.jpg\" data-fancybox=\"gallery[9327213]\" rel=\"lightbox[9327213]\" title=\"Malcesine\" alt=\"Malcesine\"><img decoding=\"async\" loading=\"lazy\" width=\"570px\" height=\"435px\" src=\"https:\/\/wheretostayin.city\/wp-content\/uploads\/2023\/12\/Malcesine-1.jpg\" title=\"Malcesine\" alt=\"Malcesine\"><\/a><\/div><\/div><div class=\"niceseo_gallery_caption\">Malcesine<\/div><\/div>\n<p>\ud83c\udf0a <strong>Natursk<\/strong><strong>\u00f6<\/strong><strong>n strandpromenad: <\/strong>Den palmkantade strandpromenaden erbjuder fantastisk utsikt \u00f6ver det glittrande bl\u00e5 vattnet till st\u00e4der som Limone och Riva del Garda.<\/p>\n<p>\ud83c\udfd4 <strong>De fr\u00e4msta sev\u00e4rdheterna:<\/strong> F\u00f6rstag\u00e5ngsbes\u00f6kare vill inte missa dessa toppsev\u00e4rdheter och aktiviteter:<\/p>\n<ul>\n<li>Monte Baldo linbana &#8211; stugor som tar dig upp till bergstoppar med vandringsleder<\/li>\n<li>Vindsurfing &#8211; Hyr utrustning f\u00f6r att rida p\u00e5 v\u00e5gor<\/li>\n<li>Shopping &#8211; vandra genom smala kullerstensgator med lokala boutiquer och souvenirbutiker<\/li>\n<\/ul>\n<p>\ud83e\udd53 <strong>Paradiset f\u00f6r mat\u00e4lskare:<\/strong> Oavsett om det \u00e4r pizza, pasta eller lokala specialiteter som fisk fr\u00e5n sj\u00f6n, finns det \u00f6ver 50 matst\u00e4llen i denna lilla stad. Ta en spritz och en bit pizza l\u00e4ngs strandpromenaden eller \u00e4t middag n\u00e4ra hamnen n\u00e4r solen g\u00e5r ner bakom sj\u00f6ns berg.<\/p>\n<div class=\"niceseo_gallery_wrap\" data-niceseo-gallery-fancybox=\"1\"><div class=\"niceseo_gallery_fancybox\"><div class=\"niceseo_gallery_fancybox_item\" style=\"baackground-image:url(https:\/\/wheretostayin.city\/wp-content\/uploads\/2023\/12\/Monte-Baldo-Cable-Car.jpg)\"><a href=\"https:\/\/wheretostayin.city\/wp-content\/uploads\/2023\/12\/Monte-Baldo-Cable-Car.jpg\" data-fancybox=\"gallery[5156135]\" rel=\"lightbox[5156135]\" title=\"Monte Baldo Cable Car\" alt=\"Monte Baldo Cable Car\"><img decoding=\"async\" loading=\"lazy\" width=\"280px\" height=\"280px\"  src=\"https:\/\/wheretostayin.city\/wp-content\/uploads\/2023\/12\/Monte-Baldo-Cable-Car.jpg\" title=\"Monte Baldo Cable Car\" alt=\"Monte Baldo Cable Car\"><\/a><\/div><div class=\"niceseo_gallery_fancybox_item\" style=\"baackground-image:url(https:\/\/wheretostayin.city\/wp-content\/uploads\/2023\/12\/Malcesine_Windsurfing.jpg)\"><a href=\"https:\/\/wheretostayin.city\/wp-content\/uploads\/2023\/12\/Malcesine_Windsurfing.jpg\" data-fancybox=\"gallery[5156135]\" rel=\"lightbox[5156135]\" title=\"Malcesine Windsurfing\" alt=\"Malcesine Windsurfing\"><img decoding=\"async\" loading=\"lazy\" width=\"280px\" height=\"280px\"  src=\"https:\/\/wheretostayin.city\/wp-content\/uploads\/2023\/12\/Malcesine_Windsurfing.jpg\" title=\"Malcesine Windsurfing\" alt=\"Malcesine Windsurfing\"><\/a><\/div><div class=\"niceseo_gallery_fancybox_item\" style=\"baackground-image:url(https:\/\/wheretostayin.city\/wp-content\/uploads\/2023\/12\/Malcesine_restaurant_2.jpg)\"><a href=\"https:\/\/wheretostayin.city\/wp-content\/uploads\/2023\/12\/Malcesine_restaurant_2.jpg\" data-fancybox=\"gallery[5156135]\" rel=\"lightbox[5156135]\" title=\"Malcesine restaurant\" alt=\"Malcesine restaurant\"><img decoding=\"async\" loading=\"lazy\" width=\"280px\" height=\"280px\"  src=\"https:\/\/wheretostayin.city\/wp-content\/uploads\/2023\/12\/Malcesine_restaurant_2.jpg\" title=\"Malcesine restaurant\" alt=\"Malcesine restaurant\"><\/a><\/div><\/div><div class=\"niceseo_gallery_caption\">Malcesine<\/div><\/div>\n<p>\ud83d\udecf <strong>Boende:<\/strong> Med mysiga hotell, villor, Airbnbs och camping erbjuder Malcesine varierat boende som passar de flesta budgetar och stilar.<\/p>\n<p style=\"text-align: center;\"><a class=\"btn pin_btn\" href=\"https:\/\/www.booking.com\/city\/it\/malcesine.en-gb.html?label=sv_garda_stay\" target=\"_blank\" rel=\"noopener nofollow\" onClick=\"gtag(&#039;event, &#039;btn_booking&#039;); ym(95530874,&#039;reachGoal&#039;,&#039;btn_booking&#039;); return true;\">Alla hotell i Malcesine \u2192<\/a><\/p>\n<h3>Var kan jag bo i Malcesine? \ud83c\udfe8<\/h3>\n<p><strong>Dyra hotell:<\/strong><\/p>\n<ul>\n<li><strong><a class=\"pin_btn\" href=\"https:\/\/www.booking.com\/hotel\/it\/cristallo-malcesine3.en-gb.html?label=sv_garda_stay\" target=\"_blank\" rel=\"noopener nofollow\" onClick=\"gtag(&#039;event&#039;, &#039;btn_booking&#039;); ym(95530874,&#039;reachGoal&#039;,&#039;btn_booking&#039;); return true;\">Hotel Cristallo<\/a> <\/strong>&#8211; ett lyxigt hotell med uts\u00f6kt design, bel\u00e4get vid sj\u00f6stranden med fantastisk utsikt.<\/li>\n<li><strong><a class=\"pin_btn\" href=\"https:\/\/www.booking.com\/hotel\/it\/panorama-residence-malcesine.en-gb.html?label=sv_garda_stay\" target=\"_blank\" rel=\"noopener nofollow\" onClick=\"gtag(&#039;event&#039;, &#039;btn_booking&#039;); ym(95530874,&#039;reachGoal&#039;,&#039;btn_booking&#039;); return true;\">Natur Resort Panorama<\/a> <\/strong>&#8211; elegant hotell med moderna rum, spa-center och restaurang med utsikt \u00f6ver sj\u00f6n.<\/li>\n<li><strong><a class=\"pin_btn\" href=\"https:\/\/www.booking.com\/hotel\/it\/wellness-casa-barca.sv-gb.html?label=sv_garda_stay\" target=\"_blank\" rel=\"noopener nofollow\" onClick=\"gtag(&#039;event&#039;, &#039;btn_booking&#039;); ym(95530874,&#039;reachGoal&#039;,&#039;btn_booking&#039;); return true;\">Wellness Hotel Casa Barca<\/a> <\/strong>&#8211; ett mysigt hotell endast f\u00f6r vuxna med ett utm\u00e4rkt wellnesscenter och en lokal restaurang.<\/li>\n<\/ul>\n<p><strong>Medelh\u00f6g priskategori:<\/strong><\/p>\n<ul>\n<li><strong><a class=\"pin_btn\" href=\"https:\/\/www.booking.com\/hotel\/it\/stella-alpina.en-gb.html?label=sv_garda_stay\" target=\"_blank\" rel=\"noopener nofollow\" onClick=\"gtag(&#039;event&#039;, &#039;btn_booking&#039;); ym(95530874,&#039;reachGoal&#039;,&#039;btn_booking&#039;); return true;\">Hotel Stella Alpina<\/a> <\/strong>&#8211; bekv\u00e4mt hotell i alpin stil med panoramautsikt \u00f6ver pool och berg.<\/li>\n<li><strong><a class=\"pin_btn\" href=\"https:\/\/www.booking.com\/hotel\/it\/lago-di-garda-malcesine.en-gb.html?label=sv_garda_stay\" target=\"_blank\" rel=\"noopener nofollow\" onClick=\"gtag(&#039;event&#039;, &#039;btn_booking&#039;); ym(95530874,&#039;reachGoal&#039;,&#039;btn_booking&#039;); return true;\">Hotel Lago Di Garda<\/a> <\/strong>&#8211; ett enkelt hotell med grundl\u00e4ggande bekv\u00e4mligheter och ett bra l\u00e4ge n\u00e4ra vattenbrynet.<\/li>\n<li><strong><a class=\"pin_btn\" href=\"https:\/\/www.booking.com\/hotel\/it\/albergo-villa-edera.en-gb.html?label=sv_garda_stay\" target=\"_blank\" rel=\"noopener nofollow\" onClick=\"gtag(&#039;event&#039;, &#039;btn_booking&#039;); ym(95530874,&#039;reachGoal&#039;,&#039;btn_booking&#039;); return true;\">Albergo Villa Edera<\/a> <\/strong>&#8211; ett billigt, familje\u00e4gt hotell med varm atmosf\u00e4r och uts\u00f6kt frukost.<\/li>\n<\/ul>\n<p><strong>Budgethotell:<\/strong><\/p>\n<ul>\n<li><strong><a class=\"pin_btn\" href=\"https:\/\/www.booking.com\/hotel\/it\/appartamenti-del-corso-306.en-gb.html?label=sv_garda_stay\" target=\"_blank\" rel=\"noopener nofollow\" onClick=\"gtag(&#039;event&#039;, &#039;btn_booking&#039;); ym(95530874,&#039;reachGoal&#039;,&#039;btn_booking&#039;); return true;\">Appartamenti del Corso<\/a> <\/strong>&#8211; prisv\u00e4rda l\u00e4genheter med rymliga rum och k\u00f6k.<\/li>\n<li><strong><a class=\"pin_btn\" href=\"https:\/\/www.booking.com\/hotel\/it\/modena.en-gb.html?label=sv_garda_stay\" target=\"_blank\" rel=\"noopener nofollow\" onClick=\"gtag(&#039;event&#039;, &#039;btn_booking&#039;); ym(95530874,&#039;reachGoal&#039;,&#039;btn_booking&#039;); return true;\">Hotel Modena<\/a> <\/strong>&#8211; budgethotell i den historiska stadsk\u00e4rnan med autentisk atmosf\u00e4r.<\/li>\n<li><strong><a class=\"pin_btn\" href=\"https:\/\/www.booking.com\/hotel\/it\/garni-firenze.en-gb.html?label=sv_garda_stay\" target=\"_blank\" rel=\"noopener nofollow\" onClick=\"gtag(&#039;event&#039;, &#039;btn_booking&#039;); ym(95530874,&#039;reachGoal&#039;,&#039;btn_booking&#039;); return true;\">Hotel Firenze<\/a> <\/strong>&#8211; ett enkelt och prisv\u00e4rt hotell med ett bra l\u00e4ge n\u00e4ra stranden.<\/li>\n<\/ul>\n<h2><span class=\"ez-toc-section\" id=\"7_Gardone_Riviera_%E2%80%93_Var_man_kan_bo_pa_en_budget_%F0%9F%92%B8\"><\/span>7. Gardone Riviera &#8211; Var man kan bo p\u00e5 en budget \ud83d\udcb8<span class=\"ez-toc-section-end\"><\/span><\/h2>\n<p>\ud83c\udf34 <strong>Idyllisk tillflyktsort<\/strong>: Gardone Riviera \u00e4r en liten stad som ligger vid Gardasj\u00f6ns v\u00e4stra strand, ungef\u00e4r halvv\u00e4gs mellan de popul\u00e4ra turistm\u00e5len Desenzano del Garda och Sal\u00f2. Den kan l\u00e4tt n\u00e5s med bil eller buss fr\u00e5n de flesta platser runt sj\u00f6n.<\/p>\n<div class=\"niceseo_gallery_wrap\" data-niceseo-gallery-fancybox=\"1\"><div class=\"niceseo_gallery2\"><div  style=\"baackground-image:url(https:\/\/wheretostayin.city\/wp-content\/uploads\/2023\/12\/Gardone_Riviera_6.jpg)\"><a href=\"https:\/\/wheretostayin.city\/wp-content\/uploads\/2023\/12\/Gardone_Riviera_6.jpg\" data-fancybox=\"gallery[8556308]\" rel=\"lightbox[8556308]\" title=\"Gardone Riviera\" alt=\"Gardone Riviera\"><img decoding=\"async\" loading=\"lazy\" width=\"570px\" height=\"435px\" src=\"https:\/\/wheretostayin.city\/wp-content\/uploads\/2023\/12\/Gardone_Riviera_6.jpg\" title=\"Gardone Riviera\" alt=\"Gardone Riviera\"><\/a><\/div><div  style=\"baackground-image:url(https:\/\/wheretostayin.city\/wp-content\/uploads\/2023\/12\/Gardone_Riviera-3.jpg)\"><a href=\"https:\/\/wheretostayin.city\/wp-content\/uploads\/2023\/12\/Gardone_Riviera-3.jpg\" data-fancybox=\"gallery[8556308]\" rel=\"lightbox[8556308]\" title=\"Gardone Riviera\" alt=\"Gardone Riviera\"><img decoding=\"async\" loading=\"lazy\" width=\"570px\" height=\"435px\" src=\"https:\/\/wheretostayin.city\/wp-content\/uploads\/2023\/12\/Gardone_Riviera-3.jpg\" title=\"Gardone Riviera\" alt=\"Gardone Riviera\"><\/a><\/div><div  style=\"baackground-image:url(https:\/\/wheretostayin.city\/wp-content\/uploads\/2023\/12\/Gardone_Riviera-2.jpg)\"><a href=\"https:\/\/wheretostayin.city\/wp-content\/uploads\/2023\/12\/Gardone_Riviera-2.jpg\" data-fancybox=\"gallery[8556308]\" rel=\"lightbox[8556308]\" title=\"Gardone Riviera\" alt=\"Gardone Riviera\"><img decoding=\"async\" loading=\"lazy\" width=\"570px\" height=\"435px\" src=\"https:\/\/wheretostayin.city\/wp-content\/uploads\/2023\/12\/Gardone_Riviera-2.jpg\" title=\"Gardone Riviera\" alt=\"Gardone Riviera\"><\/a><\/div><div  style=\"baackground-image:url(https:\/\/wheretostayin.city\/wp-content\/uploads\/2023\/12\/Gardone_Riviera-1.jpg)\"><a href=\"https:\/\/wheretostayin.city\/wp-content\/uploads\/2023\/12\/Gardone_Riviera-1.jpg\" data-fancybox=\"gallery[8556308]\" rel=\"lightbox[8556308]\" title=\"Gardone Riviera\" alt=\"Gardone Riviera\"><img decoding=\"async\" loading=\"lazy\" width=\"570px\" height=\"435px\" src=\"https:\/\/wheretostayin.city\/wp-content\/uploads\/2023\/12\/Gardone_Riviera-1.jpg\" title=\"Gardone Riviera\" alt=\"Gardone Riviera\"><\/a><\/div><\/div><div class=\"niceseo_gallery_caption\">Gardone Riviera<\/div><\/div>\n<p>\ud83d\udeb6\u200d\u2642\ufe0f <strong>G\u00e5ngv\u00e4nlig<\/strong>: Den kompakta layouten g\u00f6r det m\u00f6jligt att ta sig runt till fots. Viktiga attraktioner ligger inom 20-30 minuters promenad fr\u00e5n sj\u00f6n. Alternativt kan man \u00e5ka sp\u00e5rvagnen Gardone Sopra-Sal\u00f2 genom hela staden f\u00f6r endast 1 \u20ac per resa.<\/p>\n<p>\ud83c\udfde <strong>Friluftsaktiviteter<\/strong>: H\u00e4r \u00e4r n\u00e5gra av de mest popul\u00e4ra sakerna att se och g\u00f6ra i Gardone Riviera:<\/p>\n<ul>\n<li>Hruska Botanical Gardens &#8211; En lummig park med \u00f6ver 1 500 exotiska v\u00e4xtarter<\/li>\n<li>Vittoriale degli Italiani &#8211; Poeten Gabriele D&#8217;Annunzios egendom, med sina memorabiliasamlingar, amfiteater och s\u00e4regna arkitektur<\/li>\n<li>B\u00e5tturer &#8211; f\u00e4rjeturer med avg\u00e5ng fr\u00e5n Gardone Riviera<\/li>\n<\/ul>\n<p>\ud83c\udf74 <strong>Paradiset f\u00f6r mat\u00e4lskare<\/strong>: Restaurangerna str\u00e4cker sig fr\u00e5n avslappnade pizzerior till eleganta finmiddagar med sj\u00f6utsikt. Det lokala k\u00f6ket best\u00e5r av f\u00e4rsk fisk fr\u00e5n sj\u00f6n, oliver, viner och andra norditalienska specialiteter.<\/p>\n<div class=\"niceseo-changing-slider\"><div class=\"niceseo-changing-slider__nav\">\n                        <span class=\"niceseo-changing-slider__nav__item\">\n                            <span class=\"niceseo-changing-slider__nav__item__line\"><\/span>\n                        <\/span>\n                        <span class=\"niceseo-changing-slider__nav__item\">\n                            <span class=\"niceseo-changing-slider__nav__item__line\"><\/span>\n                        <\/span>\n                        <span class=\"niceseo-changing-slider__nav__item\">\n                            <span class=\"niceseo-changing-slider__nav__item__line\"><\/span>\n                        <\/span>\n                        <span class=\"niceseo-changing-slider__nav__item\">\n                            <span class=\"niceseo-changing-slider__nav__item__line\"><\/span>\n                        <\/span>\n                        <span class=\"niceseo-changing-slider__nav__item\">\n                            <span class=\"niceseo-changing-slider__nav__item__line\"><\/span>\n                        <\/span>\n                        <span class=\"niceseo-changing-slider__nav__item\">\n                            <span class=\"niceseo-changing-slider__nav__item__line\"><\/span>\n                        <\/span><\/div><div class=\"niceseo-changing-slider__list\"><div class=\"niceseo-changing-slider__item niceseo-changing-slider__item_current\"><div class=\"niceseo-changing-slider__item__title\">Hruska Botanical Gardens<\/div><img decoding=\"async\" loading=\"lazy\" width=\"410px\" height=\"430px\" src=\"https:\/\/wheretostayin.city\/wp-content\/uploads\/2023\/12\/Hruska_Botanical_Gardens-4.jpg\" title=\"Hruska Botanical Gardens\" alt=\"Hruska Botanical Gardens\" class=\"niceseo-changing-slider__image\" \/><\/div><div class=\"niceseo-changing-slider__item\"><div class=\"niceseo-changing-slider__item__title\">Hruska Botanical Gardens<\/div><img decoding=\"async\" loading=\"lazy\" width=\"410px\" height=\"430px\" src=\"https:\/\/wheretostayin.city\/wp-content\/uploads\/2023\/12\/Hruska_Botanical_Gardens-1.jpg\" title=\"Hruska Botanical Gardens\" alt=\"Hruska Botanical Gardens\" class=\"niceseo-changing-slider__image\" \/><\/div><div class=\"niceseo-changing-slider__item\"><div class=\"niceseo-changing-slider__item__title\">Hruska Botanical Gardens<\/div><img decoding=\"async\" loading=\"lazy\" width=\"410px\" height=\"430px\" src=\"https:\/\/wheretostayin.city\/wp-content\/uploads\/2023\/12\/Hruska_Botanical_Gardens-3.jpg\" title=\"Hruska Botanical Gardens\" alt=\"Hruska Botanical Gardens\" class=\"niceseo-changing-slider__image\" \/><\/div><div class=\"niceseo-changing-slider__item\"><div class=\"niceseo-changing-slider__item__title\">Vittoriale degli Italiani<\/div><img decoding=\"async\" loading=\"lazy\" width=\"410px\" height=\"430px\" src=\"https:\/\/wheretostayin.city\/wp-content\/uploads\/2023\/12\/Vittoriale_degli_Italiani-2.jpg\" title=\"Vittoriale degli Italiani\" alt=\"Vittoriale degli Italiani\" class=\"niceseo-changing-slider__image\" \/><\/div><div class=\"niceseo-changing-slider__item\"><div class=\"niceseo-changing-slider__item__title\">Vittoriale degli Italiani<\/div><img decoding=\"async\" loading=\"lazy\" width=\"410px\" height=\"430px\" src=\"https:\/\/wheretostayin.city\/wp-content\/uploads\/2023\/12\/Vittoriale_degli_Italiani-1.jpg\" title=\"Vittoriale degli Italiani\" alt=\"Vittoriale degli Italiani\" class=\"niceseo-changing-slider__image\" \/><\/div><div class=\"niceseo-changing-slider__item\"><div class=\"niceseo-changing-slider__item__title\">Vittoriale degli Italiani<\/div><img decoding=\"async\" loading=\"lazy\" width=\"410px\" height=\"430px\" src=\"https:\/\/wheretostayin.city\/wp-content\/uploads\/2023\/12\/Vittoriale_degli_Italiani-3.jpg\" title=\"Vittoriale degli Italiani\" alt=\"Vittoriale degli Italiani\" class=\"niceseo-changing-slider__image\" \/><\/div><\/div><div class=\"niceseo-changing-slider__buttons\">\n                        <span class=\"niceseo-changing-slider__button left\">\n                            <span class=\"niceseo-changing-slider__button__icon\"><\/span>\n                        <\/span>\n                        <span class=\"niceseo-changing-slider__button right\">\n                            <span class=\"niceseo-changing-slider__button__icon\"><\/span>\n                        <\/span>\n                        <\/div><\/div><div class=\"niceseo_gallery_caption\">Gardone Riviera Sev\u00e4rdheter<\/div>\n<p>\ud83d\udecc <strong>Budget vistelser<\/strong>: Gardone Riviera-omr\u00e5det erbjuder ett bra utbud av hotell, resorter, mysiga B&amp;B och l\u00e4genhetsuthyrning som passar de flesta budgetar och resestilar. Priserna \u00e4r betydligt mer budgetv\u00e4nliga \u00e4n i mer v\u00e4lk\u00e4nda st\u00e4der som Sirmione.<\/p>\n<p style=\"text-align: center;\"><a class=\"btn pin_btn\" href=\"https:\/\/www.booking.com\/city\/it\/gardone-riviera.sv-gb.html?label=sv_garda_stay\" target=\"_blank\" rel=\"noopener nofollow\" onClick=\"gtag(&#039;event, &#039;btn_booking&#039;); ym(95530874,&#039;reachGoal&#039;,&#039;btn_booking&#039;); return true;\">Alla hotell i Gardone Riviera \u2192<\/a><\/p>\n<h3>Var kan man bo i Gardone Riviera? \ud83c\udfe8<\/h3>\n<p><strong>Hotell i mellanpriskategori:<\/strong><\/p>\n<ul>\n<li><strong><a class=\"pin_btn\" href=\"https:\/\/www.booking.com\/hotel\/it\/savoy-palace.en-gb.html?label=sv_garda_stay\" target=\"_blank\" rel=\"noopener nofollow\" onClick=\"gtag(&#039;event&#039;, &#039;btn_booking&#039;); ym(95530874,&#039;reachGoal&#039;,&#039;btn_booking&#039;); return true;\">Hotel Savoy Palace<\/a> <\/strong>&#8211; elegant hotell i klassisk stil med panoramautsikt \u00f6ver sj\u00f6n, erbjuder uts\u00f6kta rum och h\u00f6g serviceniv\u00e5.<\/li>\n<li><strong><a class=\"pin_btn\" href=\"https:\/\/www.booking.com\/hotel\/it\/villa-sofia.en-gb.html?label=sv_garda_stay\" target=\"_blank\" rel=\"noopener nofollow\" onClick=\"gtag(&#039;event&#039;, &#039;btn_booking&#039;); ym(95530874,&#039;reachGoal&#039;,&#039;btn_booking&#039;); return true;\">Villa Sofia Hotel<\/a> <\/strong>&#8211; mysigt familjehotell med en magnifik tr\u00e4dg\u00e5rd och pool, bel\u00e4get i ett lugnt omr\u00e5de n\u00e4ra centrum.<\/li>\n<li><strong><a class=\"pin_btn\" href=\"https:\/\/www.booking.com\/hotel\/it\/appartamenti-borgo2.en-gb.html?label=sv_garda_stay\" target=\"_blank\" rel=\"noopener nofollow\" onClick=\"gtag(&#039;event&#039;, &#039;btn_booking&#039;); ym(95530874,&#039;reachGoal&#039;,&#039;btn_booking&#039;); return true;\">Appartamenti Borgo<\/a> <\/strong>&#8211; l\u00e4genheter i ett pittoreskt omr\u00e5de med alla bekv\u00e4mligheter f\u00f6r en bekv\u00e4m vistelse, idealiska f\u00f6r familjer.<\/li>\n<\/ul>\n<p><strong>Budgethotell:<\/strong><\/p>\n<ul>\n<li><strong><a class=\"pin_btn\" href=\"https:\/\/www.booking.com\/hotel\/it\/b-amp-b-antico-brolo.en-gb.html?label=sv_garda_stay\" target=\"_blank\" rel=\"noopener nofollow\" onClick=\"gtag(&#039;event&#039;, &#039;btn_booking&#039;); ym(95530874,&#039;reachGoal&#039;,&#039;btn_booking&#039;); return true;\">B&amp;B Antico Brolo<\/a> <\/strong>&#8211; litet pensionat med hemtrevlig atmosf\u00e4r, erbjuder enkla rum till ett rimligt pris.<\/li>\n<li><strong><a class=\"pin_btn\" href=\"https:\/\/www.booking.com\/hotel\/it\/saturnia.en-gb.html?label=sv_garda_stay\" target=\"_blank\" rel=\"noopener nofollow\" onClick=\"gtag(&#039;event&#039;, &#039;btn_booking&#039;); ym(95530874,&#039;reachGoal&#039;,&#039;btn_booking&#039;); return true;\">Hotel Aquavite<\/a> <\/strong>&#8211; enkelt och billigt hotell med grundl\u00e4ggande bekv\u00e4mligheter, bel\u00e4get n\u00e4ra sj\u00f6n.<\/li>\n<li><strong><a class=\"pin_btn\" href=\"https:\/\/www.booking.com\/hotel\/it\/camere-al-veliero.en-gb.html?label=sv_garda_stay\" target=\"_blank\" rel=\"noopener nofollow\" onClick=\"gtag(&#039;event&#039;, &#039;btn_booking&#039;); ym(95530874,&#039;reachGoal&#039;,&#039;btn_booking&#039;); return true;\">Camere Al Veliero<\/a> <\/strong>&#8211; pensionat med mysiga rum, erbjuder bra valuta f\u00f6r pengarna.<\/li>\n<\/ul>\n<h2><span class=\"ez-toc-section\" id=\"8_Salo_%E2%80%93_Borta_fran_jakt_och_stress_%F0%9F%95%8A\"><\/span>8. Salo &#8211; Borta fr\u00e5n j\u00e4kt och stress \ud83d\udd4a<span class=\"ez-toc-section-end\"><\/span><\/h2>\n<p>\ud83d\udccd <strong>Bra l\u00e4ge: <\/strong>Bara en kort 45-minuters bilresa l\u00e4ngs den fantastiska kusten fr\u00e5n de popul\u00e4ra turistst\u00e4derna som Sirmione, Sal\u00f2 erbjuder en mer lugn hemmabas f\u00f6r att utforska den ber\u00f6mda Gardasj\u00f6regionen.<\/p>\n<div class=\"niceseo_gallery_wrap\" data-niceseo-gallery-fancybox=\"1\"><div class=\"niceseo_gallery2\"><div  style=\"baackground-image:url(https:\/\/wheretostayin.city\/wp-content\/uploads\/2023\/12\/Duomo-di-Salo-2.jpg)\"><a href=\"https:\/\/wheretostayin.city\/wp-content\/uploads\/2023\/12\/Duomo-di-Salo-2.jpg\" data-fancybox=\"gallery[8889083]\" rel=\"lightbox[8889083]\" title=\"Duomo di Sal\u00f2\" alt=\"Duomo di Sal\u00f2\"><img decoding=\"async\" loading=\"lazy\" width=\"570px\" height=\"435px\" src=\"https:\/\/wheretostayin.city\/wp-content\/uploads\/2023\/12\/Duomo-di-Salo-2.jpg\" title=\"Duomo di Sal\u00f2\" alt=\"Duomo di Sal\u00f2\"><\/a><\/div><div  style=\"baackground-image:url(https:\/\/wheretostayin.city\/wp-content\/uploads\/2023\/12\/Duomo-di-Salo-1.jpg)\"><a href=\"https:\/\/wheretostayin.city\/wp-content\/uploads\/2023\/12\/Duomo-di-Salo-1.jpg\" data-fancybox=\"gallery[8889083]\" rel=\"lightbox[8889083]\" title=\"Duomo di Sal\u00f2\" alt=\"Duomo di Sal\u00f2\"><img decoding=\"async\" loading=\"lazy\" width=\"570px\" height=\"435px\" src=\"https:\/\/wheretostayin.city\/wp-content\/uploads\/2023\/12\/Duomo-di-Salo-1.jpg\" title=\"Duomo di Sal\u00f2\" alt=\"Duomo di Sal\u00f2\"><\/a><\/div><div  style=\"baackground-image:url(https:\/\/wheretostayin.city\/wp-content\/uploads\/2023\/12\/Market_days_Garda-1.jpg)\"><a href=\"https:\/\/wheretostayin.city\/wp-content\/uploads\/2023\/12\/Market_days_Garda-1.jpg\" data-fancybox=\"gallery[8889083]\" rel=\"lightbox[8889083]\" title=\"Market days\" alt=\"Market days\"><img decoding=\"async\" loading=\"lazy\" width=\"570px\" height=\"435px\" src=\"https:\/\/wheretostayin.city\/wp-content\/uploads\/2023\/12\/Market_days_Garda-1.jpg\" title=\"Market days\" alt=\"Market days\"><\/a><\/div><div  style=\"baackground-image:url(https:\/\/wheretostayin.city\/wp-content\/uploads\/2023\/12\/Market_days_Garda-2.jpg)\"><a href=\"https:\/\/wheretostayin.city\/wp-content\/uploads\/2023\/12\/Market_days_Garda-2.jpg\" data-fancybox=\"gallery[8889083]\" rel=\"lightbox[8889083]\" title=\"Market days\" alt=\"Market days\"><img decoding=\"async\" loading=\"lazy\" width=\"570px\" height=\"435px\" src=\"https:\/\/wheretostayin.city\/wp-content\/uploads\/2023\/12\/Market_days_Garda-2.jpg\" title=\"Market days\" alt=\"Market days\"><\/a><\/div><\/div><div class=\"niceseo_gallery_caption\">Det \u00e4r v\u00e4rt ett bes\u00f6k i Salo<\/div><\/div>\n<p>\ud83c\udfdb\ufe0f <strong>Historisk charm:<\/strong> Det eleganta Piazza Vittoria fungerar som stadens livliga hj\u00e4rta, medan olika palazzos rymmer moderna butiker och restauranger. Andra toppattraktioner inkluderar:<\/p>\n<ul>\n<li>Sala del Podest\u00e0 &#8211; utsmyckad r\u00e5dssal med vackra fresker<\/li>\n<li>Duomo di Sal\u00f2 &#8211; storslagen katedral fr\u00e5n 1300-talet<\/li>\n<li>Marknadsdagar &#8211; Veckomarknader som s\u00e4ljer allt fr\u00e5n f\u00e4rska r\u00e5varor till kl\u00e4der (onsdag och l\u00f6rdag)<\/li>\n<\/ul>\n<p>\ud83d\udc5f <strong>G\u00e5ngv\u00e4nliga gator: Det \u00e4r <\/strong>enkelt att ta sig runt i staden till fots eller med cykel l\u00e4ngs Sal\u00f2s n\u00e4tverk av g\u00e5gator. Se bara till att ha bekv\u00e4ma skor eftersom de kullerstensbelagda sidogatorna inneh\u00e5ller n\u00e5gra backar och trappor.<\/p>\n<div class=\"niceseo_gallery_wrap\" data-niceseo-gallery-fancybox=\"1\"><div class=\"niceseo_gallery1\"><div  style=\"baackground-image:url(https:\/\/wheretostayin.city\/wp-content\/uploads\/2023\/12\/Salo_lake_garda-3.jpg)\"><a href=\"https:\/\/wheretostayin.city\/wp-content\/uploads\/2023\/12\/Salo_lake_garda-3.jpg\" data-fancybox=\"gallery[6478730]\" rel=\"lightbox[6478730]\" title=\"Salo\" alt=\"Salo\"><img decoding=\"async\" loading=\"lazy\" width=\"400px\" height=\"280px\" src=\"https:\/\/wheretostayin.city\/wp-content\/uploads\/2023\/12\/Salo_lake_garda-3.jpg\" title=\"Salo\" alt=\"Salo\"><\/a><\/div><div  style=\"baackground-image:url(https:\/\/wheretostayin.city\/wp-content\/uploads\/2023\/12\/Salo_lake_garda-4.jpg)\"><a href=\"https:\/\/wheretostayin.city\/wp-content\/uploads\/2023\/12\/Salo_lake_garda-4.jpg\" data-fancybox=\"gallery[6478730]\" rel=\"lightbox[6478730]\" title=\"Salo\" alt=\"Salo\"><img decoding=\"async\" loading=\"lazy\" width=\"400px\" height=\"280px\" src=\"https:\/\/wheretostayin.city\/wp-content\/uploads\/2023\/12\/Salo_lake_garda-4.jpg\" title=\"Salo\" alt=\"Salo\"><\/a><\/div><div  style=\"baackground-image:url(https:\/\/wheretostayin.city\/wp-content\/uploads\/2023\/12\/Salo_lake_garda-5.jpg)\"><a href=\"https:\/\/wheretostayin.city\/wp-content\/uploads\/2023\/12\/Salo_lake_garda-5.jpg\" data-fancybox=\"gallery[6478730]\" rel=\"lightbox[6478730]\" title=\"Salo\" alt=\"Salo\"><img decoding=\"async\" loading=\"lazy\" width=\"400px\" height=\"280px\" src=\"https:\/\/wheretostayin.city\/wp-content\/uploads\/2023\/12\/Salo_lake_garda-5.jpg\" title=\"Salo\" alt=\"Salo\"><\/a><\/div><div  style=\"baackground-image:url(https:\/\/wheretostayin.city\/wp-content\/uploads\/2023\/12\/Salo_lake_garda-6.jpg)\"><a href=\"https:\/\/wheretostayin.city\/wp-content\/uploads\/2023\/12\/Salo_lake_garda-6.jpg\" data-fancybox=\"gallery[6478730]\" rel=\"lightbox[6478730]\" title=\"Salo\" alt=\"Salo\"><img decoding=\"async\" loading=\"lazy\" width=\"400px\" height=\"280px\" src=\"https:\/\/wheretostayin.city\/wp-content\/uploads\/2023\/12\/Salo_lake_garda-6.jpg\" title=\"Salo\" alt=\"Salo\"><\/a><\/div><div  style=\"baackground-image:url(https:\/\/wheretostayin.city\/wp-content\/uploads\/2023\/12\/Salo_lake_garda-1.jpg)\"><a href=\"https:\/\/wheretostayin.city\/wp-content\/uploads\/2023\/12\/Salo_lake_garda-1.jpg\" data-fancybox=\"gallery[6478730]\" rel=\"lightbox[6478730]\" title=\"Salo\" alt=\"Salo\"><img decoding=\"async\" loading=\"lazy\" width=\"400px\" height=\"280px\" src=\"https:\/\/wheretostayin.city\/wp-content\/uploads\/2023\/12\/Salo_lake_garda-1.jpg\" title=\"Salo\" alt=\"Salo\"><\/a><\/div><\/div><div class=\"niceseo_gallery_caption\">Salo<\/div><\/div>\n<p>\u2600\ufe0f <strong>Det milda klimatet <\/strong>g\u00f6r det ocks\u00e5 m\u00f6jligt att g\u00f6ra bekv\u00e4ma sightseeingturer utomhus under st\u00f6rre delen av \u00e5ret.<\/p>\n<p style=\"text-align: center;\"><a class=\"btn pin_btn\" href=\"https:\/\/www.booking.com&lt;strong&gt;\/city\/it\/salo.en-gb.html&lt;\/strong&gt;?label=sv_garda_stay\" target=\"_blank\" rel=\"noopener nofollow\" onClick=\"gtag(&#039;event, &#039;btn_booking&#039;); ym(95530874,&#039;reachGoal&#039;,&#039;btn_booking&#039;); return true;\">Alla hotell i Salo \u2192<\/a><\/p>\n<h3>Var kan jag bo i Salo? \ud83c\udfe8<\/h3>\n<p><strong>Dyra hotell:<\/strong><\/p>\n<ul>\n<li><strong><a class=\"pin_btn\" href=\"https:\/\/www.booking.com\/hotel\/it\/bellerive.en-gb.html?label=sv_garda_stay\" target=\"_blank\" rel=\"noopener nofollow\" onClick=\"gtag(&#039;event&#039;, &#039;btn_booking&#039;); ym(95530874,&#039;reachGoal&#039;,&#039;btn_booking&#039;); return true;\">Bellerive Lifestyle Hotel<\/a> <\/strong>&#8211; ett elegant premiumhotell med panoramautsikt \u00f6ver Gardasj\u00f6n.<\/li>\n<li><strong><a class=\"pin_btn\" href=\"https:\/\/www.booking.com\/hotel\/it\/la-casa-di-angelina-salo.en-gb.html?label=sv_garda_stay\" target=\"_blank\" rel=\"noopener nofollow\" onClick=\"gtag(&#039;event&#039;, &#039;btn_booking&#039;); ym(95530874,&#039;reachGoal&#039;,&#039;btn_booking&#039;); return true;\">La casa di Angelina<\/a> <\/strong>&#8211; ett lyxigt boutiquehotell i en historisk byggnad med f\u00f6rstklassig service.<\/li>\n<li><strong><a class=\"pin_btn\" href=\"https:\/\/www.booking.com\/hotel\/it\/benaco-salo.en-gb.html?label=sv_garda_stay\" target=\"_blank\" rel=\"noopener nofollow\" onClick=\"gtag(&#039;event&#039;, &#039;btn_booking&#039;); ym(95530874,&#039;reachGoal&#039;,&#039;btn_booking&#039;); return true;\">Hotel Locanda del Benaco<\/a> <\/strong>&#8211; ett mysigt hotell i traditionell stil med en gourmetrestaurang.<\/li>\n<\/ul>\n<p><strong>Medelh\u00f6g priskategori:<\/strong><\/p>\n<ul>\n<li><strong><a class=\"pin_btn\" href=\"https:\/\/www.booking.com\/hotel\/it\/il-gambero-salo.sv-gb.html?label=sv_garda_stay\" target=\"_blank\" rel=\"noopener nofollow\" onClick=\"gtag(&#039;event&#039;, &#039;btn_booking&#039;); ym(95530874,&#039;reachGoal&#039;,&#039;btn_booking&#039;); return true;\">Rivalta Life Style Hotel<\/a> <\/strong>&#8211; bekv\u00e4mt hotell med bra l\u00e4ge i stadens centrum.<\/li>\n<li><strong><a class=\"pin_btn\" href=\"https:\/\/www.booking.com\/hotel\/it\/terrazzo.en-gb.html?label=sv_garda_stay\" target=\"_blank\" rel=\"noopener nofollow\" onClick=\"gtag(&#039;event&#039;, &#039;btn_booking&#039;); ym(95530874,&#039;reachGoal&#039;,&#039;btn_booking&#039;); return true;\">Lake Garda Hostel<\/a> <\/strong>&#8211; ett rymligt vandrarhem med bekv\u00e4ma rum och en v\u00e4nlig atmosf\u00e4r.<\/li>\n<li><strong><a class=\"pin_btn\" href=\"https:\/\/www.booking.com\/hotel\/it\/ristorante-lepanto.en-gb.html?label=sv_garda_stay\" target=\"_blank\" rel=\"noopener nofollow\" onClick=\"gtag(&#039;event&#039;, &#039;btn_booking&#039;); ym(95530874,&#039;reachGoal&#039;,&#039;btn_booking&#039;); return true;\">Hotel Ristorante Lepanto<\/a> <\/strong>&#8211; ett mellanklasshotell med en utm\u00e4rkt italiensk restaurang.<\/li>\n<\/ul>\n<h2><span class=\"ez-toc-section\" id=\"9_Bardolino_%E2%80%93_nagra_av_de_basta_vyerna_over_Gardasjon_%F0%9F%8C%85\"><\/span>9. Bardolino &#8211; n\u00e5gra av de b\u00e4sta vyerna \u00f6ver Gardasj\u00f6n \ud83c\udf05<span class=\"ez-toc-section-end\"><\/span><\/h2>\n<p>Bardolino ligger cirka 30 mil \u00f6ster om Verona och n\u00e5s via motorv\u00e4g A22, och \u00e4r en idealisk bas f\u00f6r att utforska \u00f6stra Gardasj\u00f6omr\u00e5det.<\/p>\n<div class=\"niceseo_gallery_wrap\" data-niceseo-gallery-fancybox=\"1\"><div class=\"niceseo_gallery1\"><div  style=\"baackground-image:url(https:\/\/wheretostayin.city\/wp-content\/uploads\/2023\/12\/Bardolino-2.jpg)\"><a href=\"https:\/\/wheretostayin.city\/wp-content\/uploads\/2023\/12\/Bardolino-2.jpg\" data-fancybox=\"gallery[7887470]\" rel=\"lightbox[7887470]\" title=\"Bardolino\" alt=\"Bardolino\"><img decoding=\"async\" loading=\"lazy\" width=\"400px\" height=\"280px\" src=\"https:\/\/wheretostayin.city\/wp-content\/uploads\/2023\/12\/Bardolino-2.jpg\" title=\"Bardolino\" alt=\"Bardolino\"><\/a><\/div><div  style=\"baackground-image:url(https:\/\/wheretostayin.city\/wp-content\/uploads\/2023\/12\/Bardolino-3.jpg)\"><a href=\"https:\/\/wheretostayin.city\/wp-content\/uploads\/2023\/12\/Bardolino-3.jpg\" data-fancybox=\"gallery[7887470]\" rel=\"lightbox[7887470]\" title=\"Bardolino\" alt=\"Bardolino\"><img decoding=\"async\" loading=\"lazy\" width=\"400px\" height=\"280px\" src=\"https:\/\/wheretostayin.city\/wp-content\/uploads\/2023\/12\/Bardolino-3.jpg\" title=\"Bardolino\" alt=\"Bardolino\"><\/a><\/div><div  style=\"baackground-image:url(https:\/\/wheretostayin.city\/wp-content\/uploads\/2023\/12\/Bardolino-5.jpg)\"><a href=\"https:\/\/wheretostayin.city\/wp-content\/uploads\/2023\/12\/Bardolino-5.jpg\" data-fancybox=\"gallery[7887470]\" rel=\"lightbox[7887470]\" title=\"Bardolino\" alt=\"Bardolino\"><img decoding=\"async\" loading=\"lazy\" width=\"400px\" height=\"280px\" src=\"https:\/\/wheretostayin.city\/wp-content\/uploads\/2023\/12\/Bardolino-5.jpg\" title=\"Bardolino\" alt=\"Bardolino\"><\/a><\/div><div  style=\"baackground-image:url(https:\/\/wheretostayin.city\/wp-content\/uploads\/2023\/12\/Bardolino-6.jpg)\"><a href=\"https:\/\/wheretostayin.city\/wp-content\/uploads\/2023\/12\/Bardolino-6.jpg\" data-fancybox=\"gallery[7887470]\" rel=\"lightbox[7887470]\" title=\"Bardolino\" alt=\"Bardolino\"><img decoding=\"async\" loading=\"lazy\" width=\"400px\" height=\"280px\" src=\"https:\/\/wheretostayin.city\/wp-content\/uploads\/2023\/12\/Bardolino-6.jpg\" title=\"Bardolino\" alt=\"Bardolino\"><\/a><\/div><div  style=\"baackground-image:url(https:\/\/wheretostayin.city\/wp-content\/uploads\/2023\/12\/Bardolino-1.jpg)\"><a href=\"https:\/\/wheretostayin.city\/wp-content\/uploads\/2023\/12\/Bardolino-1.jpg\" data-fancybox=\"gallery[7887470]\" rel=\"lightbox[7887470]\" title=\"Bardolino\" alt=\"Bardolino\"><img decoding=\"async\" loading=\"lazy\" width=\"400px\" height=\"280px\" src=\"https:\/\/wheretostayin.city\/wp-content\/uploads\/2023\/12\/Bardolino-1.jpg\" title=\"Bardolino\" alt=\"Bardolino\"><\/a><\/div><\/div><div class=\"niceseo_gallery_caption\">Bardolino<\/div><\/div>\n<p>\ud83c\udf05 <strong>Stadens hj\u00e4rta kretsar <\/strong>kring strandpromenaden Piazza Matteotti<strong>.<\/strong> Bardolino \u00e4r kompakt i storlek, men har mycket f\u00f6r bes\u00f6kare att se och g\u00f6ra. Toppattraktioner inkluderar:<\/p>\n<ul>\n<li>Den romanska kyrkan Chiesa di San Severo fr\u00e5n 1000-talet<\/li>\n<li>Provsmakning av det v\u00e4rldsber\u00f6mda r\u00f6dvinet Bardolino Classico p\u00e5 lokala ving\u00e5rdar och k\u00e4llare<\/li>\n<li>Promenad genom Borgo Garibaldis historiska stadsdel<\/li>\n<\/ul>\n<p>Jag rekommenderar ocks\u00e5 att kl\u00e4ttra upp p\u00e5 La Rocca-kullen f\u00f6r panoramautsikt.<\/p>\n\n<p>\ud83d\udeb2 <strong>L\u00e4tt att utforska:<\/strong> Det \u00e4r enkelt att ta sig runt Bardolino till fots, men man kan ocks\u00e5 hyra cyklar, skotrar och b\u00e5tar f\u00f6r att utforska mer. Med sj\u00f6n p\u00e5 ena sidan och vinrankor p\u00e5 den andra, Bardolino verkligen inkapslar den naturliga sk\u00f6nheten i Gardasj\u00f6n.<\/p>\n<p style=\"text-align: center;\"><a class=\"btn pin_btn\" href=\"https:\/\/www.booking.com\/city\/it\/bardolino.sv-gb.html?label=sv_garda_stay\" target=\"_blank\" rel=\"noopener nofollow\" onClick=\"gtag(&#039;event, &#039;btn_booking&#039;); ym(95530874,&#039;reachGoal&#039;,&#039;btn_booking&#039;); return true;\">Alla hotell i Bardolino \u2192<\/a><\/p>\n<h3>Var kan man bo i Bardolino? \ud83c\udfe8<\/h3>\n<p><strong>Lyxhotell:<\/strong><\/p>\n<ul>\n<li><strong><a class=\"pin_btn\" href=\"https:\/\/www.booking.com\/hotel\/it\/colorhotel.en-gb.html?label=sv_garda_stay\" target=\"_blank\" rel=\"noopener nofollow\" onClick=\"gtag(&#039;event&#039;, &#039;btn_booking&#039;); ym(95530874,&#039;reachGoal&#039;,&#039;btn_booking&#039;); return true;\">Color Hotel Style, Design &amp; Gourmet<\/a> <\/strong>&#8211; elegant designhotell med haute cuisine-restaurang och panoramautsikt \u00f6ver Gardasj\u00f6n.<\/li>\n<li><strong><a class=\"pin_btn\" href=\"https:\/\/www.booking.com\/hotel\/it\/san-pietro-bardolino.en-gb.html?label=sv_garda_stay\" target=\"_blank\" rel=\"noopener nofollow\" onClick=\"gtag(&#039;event&#039;, &#039;btn_booking&#039;); ym(95530874,&#039;reachGoal&#039;,&#039;btn_booking&#039;); return true;\">Palace Hotel San Pietro<\/a> <\/strong>&#8211; lyxhotell i en historisk 1800-talsbyggnad med uts\u00f6kt inredning och spa-center.<\/li>\n<li><strong><a class=\"pin_btn\" href=\"https:\/\/www.booking.com\/hotel\/it\/flower-apartments.en-gb.html?label=sv_garda_stay\" target=\"_blank\" rel=\"noopener nofollow\" onClick=\"gtag(&#039;event&#039;, &#039;btn_booking&#039;); ym(95530874,&#039;reachGoal&#039;,&#039;btn_booking&#039;); return true;\">Flower Apartments<\/a> <\/strong>&#8211; eleganta premiuml\u00e4genheter med egen terrass och spektakul\u00e4r utsikt \u00f6ver sj\u00f6n.<\/li>\n<\/ul>\n<p><strong>Hotell i mellanpriskategori:<\/strong><\/p>\n<ul>\n<li><strong><a class=\"pin_btn\" href=\"https:\/\/www.booking.com\/hotel\/it\/nettuno-bardolino.en-gb.html?label=sv_garda_stay\" target=\"_blank\" rel=\"noopener nofollow\" onClick=\"gtag(&#039;event&#039;, &#039;btn_booking&#039;); ym(95530874,&#039;reachGoal&#039;,&#039;btn_booking&#039;); return true;\">Hotel Nettuno<\/a> <\/strong>&#8211; mysigt familjehotell med bekv\u00e4ma rum och en terrass precis vid stranden.<\/li>\n<li><strong><a class=\"pin_btn\" href=\"https:\/\/www.booking.com\/hotel\/it\/maximilian-bardolino-frazione-cisano.en-gb.html?label=sv_garda_stay\" target=\"_blank\" rel=\"noopener nofollow\" onClick=\"gtag(&#039;event&#039;, &#039;btn_booking&#039;); ym(95530874,&#039;reachGoal&#039;,&#039;btn_booking&#039;); return true;\">Hotel Maximilian<\/a> <\/strong>&#8211; modernt hotell med bra valuta f\u00f6r pengarna, bel\u00e4get i stadens centrum.<\/li>\n<li><strong><a class=\"pin_btn\" href=\"https:\/\/www.booking.com\/hotel\/it\/bardoliners-guesthouse.en-gb.html?label=sv_garda_stay\" target=\"_blank\" rel=\"noopener nofollow\" onClick=\"gtag(&#039;event&#039;, &#039;btn_booking&#039;); ym(95530874,&#039;reachGoal&#039;,&#039;btn_booking&#039;); return true;\">Bardoliners<\/a> <\/strong>&#8211; ett hotellkomplex i typisk italiensk stil med pool och utsikt \u00f6ver ving\u00e5rdar.<\/li>\n<\/ul>\n<h2><span class=\"ez-toc-section\" id=\"Basta_hotellen_i_Gardasjon_for_familjer_%F0%9F%91%A6%F0%9F%8F%BB\"><\/span>B\u00e4sta hotellen i Gardasj\u00f6n f\u00f6r familjer \ud83d\udc66\ud83c\udffb<span class=\"ez-toc-section-end\"><\/span><\/h2>\n<p>H\u00e4r \u00e4r 3 utm\u00e4rkta familjev\u00e4nliga hotell n\u00e4ra Gardasj\u00f6n:<\/p>\n<p>1.<strong> <a class=\"pin_btn\" href=\"https:\/\/www.booking.com\/hotel\/it\/grand-fasano.en-gb.html?label=sv_garda_stay\" target=\"_blank\" rel=\"noopener nofollow\" onClick=\"gtag(&#039;event&#039;, &#039;btn_booking&#039;); ym(95530874,&#039;reachGoal&#039;,&#039;btn_booking&#039;); return true;\">Grand Hotel Fasano<\/a> <\/strong>\u00e4r ett f\u00f6rstahandsval f\u00f6r sina lyxiga bekv\u00e4mligheter och sitt utm\u00e4rkta l\u00e4ge vid sj\u00f6n.<\/p>\n<div class=\"niceseo_gallery_wrap\" data-niceseo-gallery-fancybox=\"1\"><div class=\"niceseo_gallery_fancybox\"><div class=\"niceseo_gallery_fancybox_item\" style=\"baackground-image:url(https:\/\/wheretostayin.city\/wp-content\/uploads\/2023\/12\/Grand_Hotel_Fasano-3.jpg)\"><a href=\"https:\/\/wheretostayin.city\/wp-content\/uploads\/2023\/12\/Grand_Hotel_Fasano-3.jpg\" data-fancybox=\"gallery[9364031]\" rel=\"lightbox[9364031]\" title=\"Grand Hotel Fasano\" alt=\"Grand Hotel Fasano\"><img decoding=\"async\" loading=\"lazy\" width=\"280px\" height=\"280px\"  src=\"https:\/\/wheretostayin.city\/wp-content\/uploads\/2023\/12\/Grand_Hotel_Fasano-3.jpg\" title=\"Grand Hotel Fasano\" alt=\"Grand Hotel Fasano\"><\/a><\/div><div class=\"niceseo_gallery_fancybox_item\" style=\"baackground-image:url(https:\/\/wheretostayin.city\/wp-content\/uploads\/2023\/12\/Grand_Hotel_Fasano-1.jpg)\"><a href=\"https:\/\/wheretostayin.city\/wp-content\/uploads\/2023\/12\/Grand_Hotel_Fasano-1.jpg\" data-fancybox=\"gallery[9364031]\" rel=\"lightbox[9364031]\" title=\"Grand Hotel Fasano\" alt=\"Grand Hotel Fasano\"><img decoding=\"async\" loading=\"lazy\" width=\"280px\" height=\"280px\"  src=\"https:\/\/wheretostayin.city\/wp-content\/uploads\/2023\/12\/Grand_Hotel_Fasano-1.jpg\" title=\"Grand Hotel Fasano\" alt=\"Grand Hotel Fasano\"><\/a><\/div><div class=\"niceseo_gallery_fancybox_item\" style=\"baackground-image:url(https:\/\/wheretostayin.city\/wp-content\/uploads\/2023\/12\/Grand_Hotel_Fasano-2.jpg)\"><a href=\"https:\/\/wheretostayin.city\/wp-content\/uploads\/2023\/12\/Grand_Hotel_Fasano-2.jpg\" data-fancybox=\"gallery[9364031]\" rel=\"lightbox[9364031]\" title=\"Grand Hotel Fasano\" alt=\"Grand Hotel Fasano\"><img decoding=\"async\" loading=\"lazy\" width=\"280px\" height=\"280px\"  src=\"https:\/\/wheretostayin.city\/wp-content\/uploads\/2023\/12\/Grand_Hotel_Fasano-2.jpg\" title=\"Grand Hotel Fasano\" alt=\"Grand Hotel Fasano\"><\/a><\/div><\/div><div class=\"niceseo_gallery_caption\">Grand Hotel Fasano<\/div><\/div>\n<p>Barnen kommer att \u00e4lska poolen och spelrummet, medan f\u00f6r\u00e4ldrarna kan koppla av i spaet eller njuta av romantiska middagar med utsikt \u00f6ver sj\u00f6n.<\/p>\n<p>2. F\u00f6r ett mer budgetv\u00e4nligt alternativ, \u00f6verv\u00e4ga <strong><a class=\"pin_btn\" href=\"https:\/\/www.booking.com\/hotel\/it\/du-lac-limone-sul-garda.en-gb.html?label=sv_garda_stay\" target=\"_blank\" rel=\"noopener nofollow\" onClick=\"gtag(&#039;event&#039;, &#039;btn_booking&#039;); ym(95530874,&#039;reachGoal&#039;,&#039;btn_booking&#039;); return true;\">Hotel Du Lac<\/a> <\/strong>i Peschiera del Garda. De moderna rummen har balkong med utsikt \u00f6ver tr\u00e4dg\u00e5rden eller sj\u00f6n. Det finns en utomhuspool och lekplats f\u00f6r att h\u00e5lla de sm\u00e5 underh\u00e5llna.<\/p>\n<div class=\"niceseo_gallery_wrap\" data-niceseo-gallery-fancybox=\"1\"><div class=\"niceseo_gallery_fancybox\"><div class=\"niceseo_gallery_fancybox_item\" style=\"baackground-image:url(https:\/\/wheretostayin.city\/wp-content\/uploads\/2023\/12\/Hotel_Du_Lac-2.jpg)\"><a href=\"https:\/\/wheretostayin.city\/wp-content\/uploads\/2023\/12\/Hotel_Du_Lac-2.jpg\" data-fancybox=\"gallery[3329813]\" rel=\"lightbox[3329813]\" title=\"Hotel Du Lac\" alt=\"Hotel Du Lac\"><img decoding=\"async\" loading=\"lazy\" width=\"280px\" height=\"280px\"  src=\"https:\/\/wheretostayin.city\/wp-content\/uploads\/2023\/12\/Hotel_Du_Lac-2.jpg\" title=\"Hotel Du Lac\" alt=\"Hotel Du Lac\"><\/a><\/div><div class=\"niceseo_gallery_fancybox_item\" style=\"baackground-image:url(https:\/\/wheretostayin.city\/wp-content\/uploads\/2023\/12\/Hotel_Du_Lac-1.jpg)\"><a href=\"https:\/\/wheretostayin.city\/wp-content\/uploads\/2023\/12\/Hotel_Du_Lac-1.jpg\" data-fancybox=\"gallery[3329813]\" rel=\"lightbox[3329813]\" title=\"Hotel Du Lac\" alt=\"Hotel Du Lac\"><img decoding=\"async\" loading=\"lazy\" width=\"280px\" height=\"280px\"  src=\"https:\/\/wheretostayin.city\/wp-content\/uploads\/2023\/12\/Hotel_Du_Lac-1.jpg\" title=\"Hotel Du Lac\" alt=\"Hotel Du Lac\"><\/a><\/div><div class=\"niceseo_gallery_fancybox_item\" style=\"baackground-image:url(https:\/\/wheretostayin.city\/wp-content\/uploads\/2023\/12\/Hotel_Du_Lac-3.jpg)\"><a href=\"https:\/\/wheretostayin.city\/wp-content\/uploads\/2023\/12\/Hotel_Du_Lac-3.jpg\" data-fancybox=\"gallery[3329813]\" rel=\"lightbox[3329813]\" title=\"Hotel Du Lac\" alt=\"Hotel Du Lac\"><img decoding=\"async\" loading=\"lazy\" width=\"280px\" height=\"280px\"  src=\"https:\/\/wheretostayin.city\/wp-content\/uploads\/2023\/12\/Hotel_Du_Lac-3.jpg\" title=\"Hotel Du Lac\" alt=\"Hotel Du Lac\"><\/a><\/div><\/div><div class=\"niceseo_gallery_caption\">Hotel Du Lac<\/div><\/div>\n<p>Hotellet erbjuder familjesviter och anslutande rum, och i priserna ing\u00e5r frukost. Den gamla stadsdelen ligger en kort promenad bort.<\/p>\n<p>3. <strong><a class=\"pin_btn\" href=\"https:\/\/www.booking.com\/hotel\/it\/villa-cortine-palace.en-gb.html?label=sv_garda_stay\" target=\"_blank\" rel=\"noopener nofollow\" onClick=\"gtag(&#039;event&#039;, &#039;btn_booking&#039;); ym(95530874,&#039;reachGoal&#039;,&#039;btn_booking&#039;); return true;\">Villa Cortine Palace Hotel<\/a> <\/strong>erbjuder b\u00e5de elegans och familjev\u00e4nliga faciliteter. Barnen f\u00e5r en egen pool och ett lekrum medan f\u00f6r\u00e4ldrarna sk\u00e4mmer bort sig i spaet.<\/p>\n<div class=\"niceseo_gallery_wrap\" data-niceseo-gallery-fancybox=\"1\"><div class=\"niceseo_gallery_fancybox\"><div class=\"niceseo_gallery_fancybox_item\" style=\"baackground-image:url(https:\/\/wheretostayin.city\/wp-content\/uploads\/2023\/12\/Villa-Cortine-Palace-Hotel-2.jpg)\"><a href=\"https:\/\/wheretostayin.city\/wp-content\/uploads\/2023\/12\/Villa-Cortine-Palace-Hotel-2.jpg\" data-fancybox=\"gallery[6885117]\" rel=\"lightbox[6885117]\" title=\"Villa Cortine Palace Hotel\" alt=\"Villa Cortine Palace Hotel\"><img decoding=\"async\" loading=\"lazy\" width=\"280px\" height=\"280px\"  src=\"https:\/\/wheretostayin.city\/wp-content\/uploads\/2023\/12\/Villa-Cortine-Palace-Hotel-2.jpg\" title=\"Villa Cortine Palace Hotel\" alt=\"Villa Cortine Palace Hotel\"><\/a><\/div><div class=\"niceseo_gallery_fancybox_item\" style=\"baackground-image:url(https:\/\/wheretostayin.city\/wp-content\/uploads\/2023\/12\/Villa-Cortine-Palace-Hotel-1.jpg)\"><a href=\"https:\/\/wheretostayin.city\/wp-content\/uploads\/2023\/12\/Villa-Cortine-Palace-Hotel-1.jpg\" data-fancybox=\"gallery[6885117]\" rel=\"lightbox[6885117]\" title=\"Villa Cortine Palace Hotel\" alt=\"Villa Cortine Palace Hotel\"><img decoding=\"async\" loading=\"lazy\" width=\"280px\" height=\"280px\"  src=\"https:\/\/wheretostayin.city\/wp-content\/uploads\/2023\/12\/Villa-Cortine-Palace-Hotel-1.jpg\" title=\"Villa Cortine Palace Hotel\" alt=\"Villa Cortine Palace Hotel\"><\/a><\/div><div class=\"niceseo_gallery_fancybox_item\" style=\"baackground-image:url(https:\/\/wheretostayin.city\/wp-content\/uploads\/2023\/12\/Villa-Cortine-Palace-Hotel-3.jpg)\"><a href=\"https:\/\/wheretostayin.city\/wp-content\/uploads\/2023\/12\/Villa-Cortine-Palace-Hotel-3.jpg\" data-fancybox=\"gallery[6885117]\" rel=\"lightbox[6885117]\" title=\"Villa Cortine Palace Hotel\" alt=\"Villa Cortine Palace Hotel\"><img decoding=\"async\" loading=\"lazy\" width=\"280px\" height=\"280px\"  src=\"https:\/\/wheretostayin.city\/wp-content\/uploads\/2023\/12\/Villa-Cortine-Palace-Hotel-3.jpg\" title=\"Villa Cortine Palace Hotel\" alt=\"Villa Cortine Palace Hotel\"><\/a><\/div><\/div><div class=\"niceseo_gallery_caption\">Villa Cortine Palace Hotel <\/div><\/div>\n<p>Familjesviterna har tv\u00e5 sovrum och bekv\u00e4ma vardagsrum. Med sj\u00f6utsikt, skr\u00e4ddarsydda tj\u00e4nster och n\u00e4rhet till sev\u00e4rdheter \u00e4r det en lyxig familjesemester.<\/p>\n<h2><span class=\"ez-toc-section\" id=\"Vanliga_fragor_om_att_bo_vid_Gardasjon_%E2%9D%94\"><\/span>Vanliga fr\u00e5gor om att bo vid Gardasj\u00f6n \u2754<span class=\"ez-toc-section-end\"><\/span><\/h2>\n<h3>Vilken \u00e4r den vackraste platsen vid Gardasj\u00f6n?<\/h3>\n<p>Den mest hisnande platsen vid Gardasj\u00f6n \u00e4r utan tvekan Punta San Vigilio. Med sin lugna atmosf\u00e4r, charmiga villa och cypressprydda g\u00e5ngv\u00e4gar erbjuder det en pittoresk milj\u00f6 f\u00f6r bes\u00f6kare att njuta av sj\u00f6ns sk\u00f6nhet.<\/p>\n<h3>Hur m\u00e5nga dagar beh\u00f6ver ni vid Gardasj\u00f6n?<\/h3>\n<p>Den perfekta l\u00e4ngden f\u00f6r ett bes\u00f6k vid Gardasj\u00f6n beror p\u00e5 dina preferenser och intressen. Men en v\u00e4l avrundad upplevelse kan uppn\u00e5s p\u00e5 cirka fem till sju dagar. Denna tidsram ger dig m\u00f6jlighet att utforska de olika st\u00e4derna, \u00e4gna dig \u00e5t vattenaktiviteter och njuta av det lokala k\u00f6ket utan att k\u00e4nna dig stressad.<\/p>\n<h3>Vilken sida av Gardasj\u00f6n \u00e4r b\u00e4st?<\/h3>\n<p>Att avg\u00f6ra vilken sida av Gardasj\u00f6n som \u00e4r b\u00e4st \u00e4r subjektivt, eftersom varje strand har sin unika charm. Den \u00f6stra stranden \u00e4r k\u00e4nd f\u00f6r sina pittoreska st\u00e4der som Malcesine och Bardolino, som erbjuder en mer avslappnad atmosf\u00e4r. P\u00e5 den v\u00e4stra sidan bjuder Limone sul Garda och Sal\u00f2 p\u00e5 en blandning av historia och levande kultur. I slut\u00e4ndan beror det p\u00e5 om du f\u00f6redrar en lugn tillflyktsort eller en livligare atmosf\u00e4r.<\/p>\n<h3>Vilken \u00e4r huvudorten vid Gardasj\u00f6n?<\/h3>\n<p>Huvudorten vid Gardasj\u00f6n \u00e4r Sirmione, som ligger p\u00e5 en pittoresk halv\u00f6 som str\u00e4cker sig in i den s\u00f6dra delen av sj\u00f6n. Sirmione har ett historiskt slott, romerska ruiner och termiska bad, vilket g\u00f6r det till ett m\u00e5ste-bes\u00f6k.<\/p>\n<h3>Vilken \u00e4r den b\u00e4sta m\u00e5naden att bes\u00f6ka Gardasj\u00f6n?<\/h3>\n<p>Den b\u00e4sta m\u00e5naden att bes\u00f6ka Gardasj\u00f6n \u00e4r vanligtvis maj eller september f\u00f6r att f\u00e5 det b\u00e4sta v\u00e4dret och mindre folkmassor. Men om du \u00e4r ute efter vattenaktiviteter kan de varmare sommarm\u00e5naderna juni till augusti vara att f\u00f6redra.<\/p>\n","protected":false},"excerpt":{"rendered":"Inb\u00e4ddad vid foten av de italienska alperna ligger den fantastiska Gardasj\u00f6n, Italiens st\u00f6rsta sj\u00f6. N\u00e4r du planerar din&hellip;","protected":false},"author":7,"featured_media":912477,"comment_status":"open","ping_status":"open","sticky":false,"template":"","format":"standard","meta":{"_acf_changed":false,"csco_display_header_overlay":false,"csco_singular_sidebar":"","csco_page_header_type":"","footnotes":""},"categories":[133],"tags":[],"acf":[],"_links":{"self":[{"href":"https:\/\/wheretostayin.city\/sv\/wp-json\/wp\/v2\/posts\/191645"}],"collection":[{"href":"https:\/\/wheretostayin.city\/sv\/wp-json\/wp\/v2\/posts"}],"about":[{"href":"https:\/\/wheretostayin.city\/sv\/wp-json\/wp\/v2\/types\/post"}],"author":[{"embeddable":true,"href":"https:\/\/wheretostayin.city\/sv\/wp-json\/wp\/v2\/users\/7"}],"replies":[{"embeddable":true,"href":"https:\/\/wheretostayin.city\/sv\/wp-json\/wp\/v2\/comments?post=191645"}],"version-history":[{"count":0,"href":"https:\/\/wheretostayin.city\/sv\/wp-json\/wp\/v2\/posts\/191645\/revisions"}],"wp:featuredmedia":[{"embeddable":true,"href":"https:\/\/wheretostayin.city\/sv\/wp-json\/wp\/v2\/media\/912477"}],"wp:attachment":[{"href":"https:\/\/wheretostayin.city\/sv\/wp-json\/wp\/v2\/media?parent=191645"}],"wp:term":[{"taxonomy":"category","embeddable":true,"href":"https:\/\/wheretostayin.city\/sv\/wp-json\/wp\/v2\/categories?post=191645"},{"taxonomy":"post_tag","embeddable":true,"href":"https:\/\/wheretostayin.city\/sv\/wp-json\/wp\/v2\/tags?post=191645"}],"curies":[{"name":"wp","href":"https:\/\/api.w.org\/{rel}","templated":true}]}}